{"id":29843,"date":"2011-03-10T15:23:43","date_gmt":"2011-03-10T14:23:43","guid":{"rendered":"http:\/\/www.hier-luebeck.de\/?p=29843"},"modified":"2011-03-10T15:23:43","modified_gmt":"2011-03-10T14:23:43","slug":"investition-in-mehr-sicherheit-land-fordert-strasenausbau-zwischen-schmalfeld-und-struvenhutten-mit-11-millionen-euro","status":"publish","type":"post","link":"https:\/\/hier-luebeck.de\/index.php\/investition-in-mehr-sicherheit-land-fordert-strasenausbau-zwischen-schmalfeld-und-struvenhutten-mit-11-millionen-euro\/","title":{"rendered":"Investition in mehr Sicherheit: Land f\u00f6rdert Stra\u00dfenausbau zwischen Schmalfeld und Struvenh\u00fctten mit 1,1 Millionen Euro"},"content":{"rendered":"<p>Im Rahmen des F\u00f6rderprogramms f\u00fcr den kommunalen Stra\u00dfenbau unterst\u00fctzt das Ver-kehrsministerium den Vollausbau der Kreisstra\u00dfe 27 (K 27) zwischen Schmalfeld und Struvenh\u00fctten mit rund 1,1 Millionen Euro.<!--more--><\/p>\n<p>Die entsprechende F\u00f6rderzusage f\u00fcr den knapp drei Kilometer langen Abschnitt wurde jetzt dem Kreis Segeberg \u00fcbersandt. Verkehrs-Staatssekret\u00e4rin Dr. Tamara Zieschang begr\u00fcndete die F\u00f6rderung am 10. M\u00e4rz insbesondere mit der nachhaltigen Verbesserung der Verkehrssicherheit. \u201e&#8220;Der fragliche Streckenabschnitt zeigt ein erhebliches Schadensbild in Form von Rissen, L\u00f6chern in der Fahrbahndecke und Verformungen in den Randbereichen&#8220;\u201c, sagte Zieschang. Untersuchungen der Sch\u00e4den haben gezeigt, dass diese nachhaltig nur durch einen Vollausbau der Stra\u00dfe zu beheben seien.<\/p>\n<p>Die K 27 f\u00fchrt als regionale Verbindung von der Landstra\u00dfe 234 in Schmalfeld in s\u00fcd\u00f6stlicher Richtung bis zur Landstra\u00dfe 79 westlich von Struvenh\u00fctten. Der geplante Vollausbau umfasst den Gesamtverlauf der K 27 mit der Ortslage Schmalfeld und dem Bereich der anschlie\u00dfenden freien Strecke bis zur Einm\u00fcndung in die Landstra\u00dfe 79. Geplant ist der Ausbau in vorhandener Breite von sechs Metern, wobei die unzureichende Frostschutzschicht ersetzt und die neue Asphaltbefestigung f\u00fcr die heutigen Verkehrsanforderungen verst\u00e4rkt wird.<\/p>\n<p>Das Vorhaben soll im Fr\u00fchsommer 2011 ausgeschrieben werden, die Gesamtfertigstellung ist f\u00fcr April 2012 geplant. Die erforderlichen Erd- und Tragschichtarbeiten sollen bei halbseitiger Sperrung durchgef\u00fchrt werden, der Einbau der Fahrbahndecke erfolgt unter Vollsperrung.<\/p>\n","protected":false},"excerpt":{"rendered":"<p>Im Rahmen des F\u00f6rderprogramms f\u00fcr den kommunalen Stra\u00dfenbau unterst\u00fctzt das Ver-kehrsministerium den Vollausbau der Kreisstra\u00dfe 27 (K 27) zwischen Schmalfeld<\/p>\n","protected":false},"author":3,"featured_media":0,"comment_status":"open","ping_status":"open","sticky":false,"template":"","format":"standard","meta":{"colormag_page_container_layout":"default_layout","colormag_page_sidebar_layout":"default_layout","footnotes":""},"categories":[5],"tags":[],"class_list":["post-29843","post","type-post","status-publish","format-standard","hentry","category-politik-wirtschaft"],"_links":{"self":[{"href":"https:\/\/hier-luebeck.de\/index.php\/wp-json\/wp\/v2\/posts\/29843","targetHints":{"allow":["GET"]}}],"collection":[{"href":"https:\/\/hier-luebeck.de\/index.php\/wp-json\/wp\/v2\/posts"}],"about":[{"href":"https:\/\/hier-luebeck.de\/index.php\/wp-json\/wp\/v2\/types\/post"}],"author":[{"embeddable":true,"href":"https:\/\/hier-luebeck.de\/index.php\/wp-json\/wp\/v2\/users\/3"}],"replies":[{"embeddable":true,"href":"https:\/\/hier-luebeck.de\/index.php\/wp-json\/wp\/v2\/comments?post=29843"}],"version-history":[{"count":0,"href":"https:\/\/hier-luebeck.de\/index.php\/wp-json\/wp\/v2\/posts\/29843\/revisions"}],"wp:attachment":[{"href":"https:\/\/hier-luebeck.de\/index.php\/wp-json\/wp\/v2\/media?parent=29843"}],"wp:term":[{"taxonomy":"category","embeddable":true,"href":"https:\/\/hier-luebeck.de\/index.php\/wp-json\/wp\/v2\/categories?post=29843"},{"taxonomy":"post_tag","embeddable":true,"href":"https:\/\/hier-luebeck.de\/index.php\/wp-json\/wp\/v2\/tags?post=29843"}],"curies":[{"name":"wp","href":"https:\/\/api.w.org\/{rel}","templated":true}]}}