{"id":29850,"date":"2011-03-10T15:49:41","date_gmt":"2011-03-10T14:49:41","guid":{"rendered":"http:\/\/www.hier-luebeck.de\/?p=29850"},"modified":"2011-03-10T15:49:41","modified_gmt":"2011-03-10T14:49:41","slug":"vier-ausschusse-tagen-in-der-kommenden-woche-4","status":"publish","type":"post","link":"https:\/\/hier-luebeck.de\/index.php\/vier-ausschusse-tagen-in-der-kommenden-woche-4\/","title":{"rendered":"Vier Aussch\u00fcsse tagen in der kommenden Woche"},"content":{"rendered":"<p>Berichte und Vorlagen zu st\u00e4dtischen Angelegenheiten werden \u00f6ffentlich beraten<\/p>\n<p>In der kommenden Woche treffen sich die Mitglieder des Umweltausschusses, des Hauptausschusses, des Finanz- und Personalausschusses und des Ausschusses f\u00fcr Schule und Sport zur Beratung.<!--more--><\/p>\n<p>Am Dienstag, 15. M\u00e4rz 2011, um 16 Uhr findet die Sitzung des Umweltausschusses statt. Auf der Tagesordnung steht unter anderem ein Bericht \u00fcber die Anzahl und Lage von Sonderm\u00fcllstandorten in der Hansestadt L\u00fcbeck. Die Mitglieder treffen sich im Verwaltungszentrum M\u00fchlentor, Kronsforder Allee 2-6, 7. Stock, Haus Trave, Gro\u00dfen Sitzungssaal.<\/p>\n<p>Ebenfalls am Dienstag treffen sich die Mitglieder des Hauptausschusses zu ihrer Sitzung. Hier geht es unter anderem um eine Vorlage \u00fcber die Umnutzung von \u00f6ffentlichen Kinderspielpl\u00e4tzen. Die Sitzung findet um 16.30 Uhr im Roten Saal des L\u00fcbecker Rathauses, Breite Stra\u00dfe 62, statt.<\/p>\n<p>Am Mittwoch, 16. M\u00e4rz 2011, treffen sich die Mitglieder des Finanz- und Personalausschusses zu ihrer Sitzung. Hier geht es unter anderem \u00fcber einen Bericht zur Erhebung einer Steuer auf \u00dcbernachtungen in Beherbergungsbetrieben. Die Sitzung findet um 16.30 Uhr im Roten Saal des L\u00fcbecker Rathauses, Breite Stra\u00dfe 62, statt.<\/p>\n<p>Ebenfalls am Donnerstag treffen sich die Mitglieder des Schul- und Sportausschusses. Hier geht es unter anderem um die Schulkostenbeitr\u00e4ge f\u00fcr allgemein- und berufsbildende Schulen. Die Ausschussmitglieder treffen sich um 16 Uhr im Verwaltungszentrum M\u00fchlentor, Kronsforder Allee 2-6, 7. Stock, Haus Trave, Gro\u00dfer Sitzungssaal.<\/p>\n","protected":false},"excerpt":{"rendered":"<p>Berichte und Vorlagen zu st\u00e4dtischen Angelegenheiten werden \u00f6ffentlich beraten In der kommenden Woche treffen sich die Mitglieder des Umweltausschusses, des<\/p>\n","protected":false},"author":3,"featured_media":0,"comment_status":"open","ping_status":"open","sticky":false,"template":"","format":"standard","meta":{"colormag_page_container_layout":"default_layout","colormag_page_sidebar_layout":"default_layout","footnotes":""},"categories":[20],"tags":[],"class_list":["post-29850","post","type-post","status-publish","format-standard","hentry","category-besondere-neuigkeiten"],"_links":{"self":[{"href":"https:\/\/hier-luebeck.de\/index.php\/wp-json\/wp\/v2\/posts\/29850","targetHints":{"allow":["GET"]}}],"collection":[{"href":"https:\/\/hier-luebeck.de\/index.php\/wp-json\/wp\/v2\/posts"}],"about":[{"href":"https:\/\/hier-luebeck.de\/index.php\/wp-json\/wp\/v2\/types\/post"}],"author":[{"embeddable":true,"href":"https:\/\/hier-luebeck.de\/index.php\/wp-json\/wp\/v2\/users\/3"}],"replies":[{"embeddable":true,"href":"https:\/\/hier-luebeck.de\/index.php\/wp-json\/wp\/v2\/comments?post=29850"}],"version-history":[{"count":0,"href":"https:\/\/hier-luebeck.de\/index.php\/wp-json\/wp\/v2\/posts\/29850\/revisions"}],"wp:attachment":[{"href":"https:\/\/hier-luebeck.de\/index.php\/wp-json\/wp\/v2\/media?parent=29850"}],"wp:term":[{"taxonomy":"category","embeddable":true,"href":"https:\/\/hier-luebeck.de\/index.php\/wp-json\/wp\/v2\/categories?post=29850"},{"taxonomy":"post_tag","embeddable":true,"href":"https:\/\/hier-luebeck.de\/index.php\/wp-json\/wp\/v2\/tags?post=29850"}],"curies":[{"name":"wp","href":"https:\/\/api.w.org\/{rel}","templated":true}]}}