{"id":300052,"date":"2019-12-07T14:48:24","date_gmt":"2019-12-07T14:48:24","guid":{"rendered":"http:\/\/www.hier-luebeck.de\/politik-wirtschaft\/martin-schulz-man-kann-gut-regieren-und-zugleich-das-profil-der-spd-schaerfen\/"},"modified":"2019-12-07T14:48:24","modified_gmt":"2019-12-07T14:48:24","slug":"martin-schulz-man-kann-gut-regieren-und-zugleich-das-profil-der-spd-schaerfen","status":"publish","type":"post","link":"https:\/\/hier-luebeck.de\/index.php\/martin-schulz-man-kann-gut-regieren-und-zugleich-das-profil-der-spd-schaerfen\/","title":{"rendered":"Martin Schulz: &#8222;Man kann gut regieren und zugleich das Profil der SPD sch\u00e4rfen&#8220;"},"content":{"rendered":"<p>Bonn (ots) &#8211; Berlin, 07.12.2019 &#8211; Der ehemalige SPD-Parteivorsitzende Martin  Schulz sieht eine gewisse Verunsicherung \u00fcber den Kurs seiner Partei, der sich  auch in der Zusammensetzung des Parteivorstandes widerspiegle.<!--more--> Die neuen  Parteivorsitzenden Norbert Walter-Borjans und Saskia Esken m\u00fcssten nun  fortf\u00fchren, was sie begonnen haben: &#8222;Wir wollen auf der einen Seite in der  Regierung bleiben, aber auf der anderen Seite das Profil der SPD sch\u00e4rfen. Das  ist die Aufgabe des Parteif\u00fchrers. [&#8230;] Beides ist m\u00f6glich: Man kann gut  regieren und zugleich das Profil der Partei sch\u00e4rfen&#8220;, sagte er beim Parteitag  der SPD im Interview mit dem TV-Sender phoenix. Nur durch gute Regierungsarbeit  gewinne die SPD das Vertrauen zur\u00fcck, um bei der n\u00e4chsten Wahl gut  abzuschneiden.  Mit den neu gew\u00e4hlten Parteivorsitzenden werde man nun zusammenarbeiten. Schulz  selbst hatte sich ganz offen f\u00fcr Olaf Scholz und Klara Geywitz ausgesprochen.  &#8222;Ich habe aber Walter-Borjans gestern folgendes gesagt: Ich habe als  Vorsitzender der Partei erlebt, dass diejenigen, die mich nicht gew\u00e4hlt hatten,  auch nie mein Mandat akzeptiert haben, dass ich \u00fcber die Mehrheit erworben habe, und gegen mich gearbeitet haben. Ich will, dass ihm dieses Schicksal erspart  bleibt. Deshalb werde ich Walter-Borjans unterst\u00fctzen.&#8220;  Damit die Partei wirklich zusammenstehe, m\u00fcssten die Vorsitzenden nun die  unterschiedlichen Positionen einbinden. Die Entscheidung, Hubertus Heil und  Kevin K\u00fchnert bei der Wahl der stellvertretenden Parteivorsitzenden nicht  gegeneinander antreten zu lassen, sondern beiden den Posten zu geben, habe eine  Spaltung innerhalb der SPD verhindert. Die SPD m\u00fcsse lernen, dazu zu stehen,  dass sie unterschiedliche Fl\u00fcgel habe. &#8222;Wir sollten diesen integrativen Weg  gehen. Und diejenigen, die jetzt hier am Tag nach der Wahl schon wieder  rumlaufen und an der F\u00fchrung rumm\u00e4keln, das sind die, die mir das Leben zur  H\u00f6lle gemacht haben. Denen muss man jetzt irgendwann mal sagen: Es reicht! Jetzt ist die Zeit, wo wir zusammenstehen m\u00fcssen.&#8220;  Pressekontakt: phoenix-Kommunikation Pressestelle Telefon: 0228 \/ 9584 192 Fax: 0228 \/ 9584 198 presse@phoenix.de Twitter.com:  phoenix_de  Weiteres Material: https:\/\/www.presseportal.de\/pm\/6511\/4461653 OTS:               PHOENIX  Original-Content von: PHOENIX, \u00fcbermittelt durch news aktuell<\/p>\n<p>Quelle: <a href=\"https:\/\/www.presseportal.de\/pm\/6511\/4461653\" target=\"_blank\" rel=\"noopener noreferrer\">presseportal.de<\/a><\/p>\n","protected":false},"excerpt":{"rendered":"<p>Bonn (ots) &#8211; Berlin, 07.12.2019 &#8211; Der ehemalige SPD-Parteivorsitzende Martin Schulz sieht eine gewisse Verunsicherung \u00fcber den Kurs seiner Partei,<\/p>\n","protected":false},"author":3,"featured_media":0,"comment_status":"open","ping_status":"open","sticky":false,"template":"","format":"standard","meta":{"colormag_page_container_layout":"default_layout","colormag_page_sidebar_layout":"default_layout","footnotes":""},"categories":[5],"tags":[],"class_list":["post-300052","post","type-post","status-publish","format-standard","hentry","category-politik-wirtschaft"],"_links":{"self":[{"href":"https:\/\/hier-luebeck.de\/index.php\/wp-json\/wp\/v2\/posts\/300052","targetHints":{"allow":["GET"]}}],"collection":[{"href":"https:\/\/hier-luebeck.de\/index.php\/wp-json\/wp\/v2\/posts"}],"about":[{"href":"https:\/\/hier-luebeck.de\/index.php\/wp-json\/wp\/v2\/types\/post"}],"author":[{"embeddable":true,"href":"https:\/\/hier-luebeck.de\/index.php\/wp-json\/wp\/v2\/users\/3"}],"replies":[{"embeddable":true,"href":"https:\/\/hier-luebeck.de\/index.php\/wp-json\/wp\/v2\/comments?post=300052"}],"version-history":[{"count":0,"href":"https:\/\/hier-luebeck.de\/index.php\/wp-json\/wp\/v2\/posts\/300052\/revisions"}],"wp:attachment":[{"href":"https:\/\/hier-luebeck.de\/index.php\/wp-json\/wp\/v2\/media?parent=300052"}],"wp:term":[{"taxonomy":"category","embeddable":true,"href":"https:\/\/hier-luebeck.de\/index.php\/wp-json\/wp\/v2\/categories?post=300052"},{"taxonomy":"post_tag","embeddable":true,"href":"https:\/\/hier-luebeck.de\/index.php\/wp-json\/wp\/v2\/tags?post=300052"}],"curies":[{"name":"wp","href":"https:\/\/api.w.org\/{rel}","templated":true}]}}