{"id":300222,"date":"2019-12-10T13:44:52","date_gmt":"2019-12-10T13:44:52","guid":{"rendered":"http:\/\/www.hier-luebeck.de\/besondere-neuigkeiten\/pol-hl-luebeck-st-gertrud-fremde-person-im-auto-sitzend-angetroffen\/"},"modified":"2019-12-10T13:44:52","modified_gmt":"2019-12-10T13:44:52","slug":"pol-hl-luebeck-st-gertrud-fremde-person-im-auto-sitzend-angetroffen","status":"publish","type":"post","link":"https:\/\/hier-luebeck.de\/index.php\/pol-hl-luebeck-st-gertrud-fremde-person-im-auto-sitzend-angetroffen\/","title":{"rendered":"POL-HL: L\u00fcbeck St. Gertrud \/ Fremde Person im Auto sitzend angetroffen"},"content":{"rendered":"<p>L\u00fcbeck (ots) &#8211; Am Montag, den 09.12.2019, gegen 22:40 Uhr, wunderte sich eine  Frau in der Stra\u00dfe &#8222;Lange Reihe&#8220; in L\u00fcbeck St. Gertrud dar\u00fcber, dass sich der  Au\u00dfenscheinwerfer ihres Hauses eingeschaltet hatte.  Beim Blick aus einem Fenster fiel ihr auf, dass die T\u00fcr ihres Saab offenstand.  Die 65-j\u00e4hrige L\u00fcbeckerin ging daraufhin zu dem Fahrzeug, in dem eine ihr fremde Person sa\u00df.<!--more--> Als sie den unbekannten Mann ansprach, stieg dieser pl\u00f6tzlich aus  dem Wagen aus, stie\u00df die Frau zu Boden und entfernte sich zum angrenzenden Park. Die Frau wurde dadurch leicht am Arm verletzt.  Im Rahmen einer sofort eingeleiteten Fahndung konnte ein der Beschreibung  entsprechender Mann in der n\u00e4heren Umgebung durch eine Funkwagenbesatzung des 4. Polizeireviers angetroffen und festgenommen werden.  Von Seiten der Polizei wurde eine Anzeige gem\u00e4\u00df des Verdachts des besonders  schweren Diebstahls eigeleitet.  <\/p>\n<p>Quelle: <a href=\"https:\/\/www.presseportal.de\/blaulicht\/pm\/43738\/4464273\" target=\"_blank\" rel=\"noopener noreferrer\">presseportal.de<\/a><\/p>\n","protected":false},"excerpt":{"rendered":"<p>L\u00fcbeck (ots) &#8211; Am Montag, den 09.12.2019, gegen 22:40 Uhr, wunderte sich eine Frau in der Stra\u00dfe &#8222;Lange Reihe&#8220; in<\/p>\n","protected":false},"author":3,"featured_media":0,"comment_status":"open","ping_status":"open","sticky":false,"template":"","format":"standard","meta":{"colormag_page_container_layout":"default_layout","colormag_page_sidebar_layout":"default_layout","footnotes":""},"categories":[20],"tags":[],"class_list":["post-300222","post","type-post","status-publish","format-standard","hentry","category-besondere-neuigkeiten"],"_links":{"self":[{"href":"https:\/\/hier-luebeck.de\/index.php\/wp-json\/wp\/v2\/posts\/300222","targetHints":{"allow":["GET"]}}],"collection":[{"href":"https:\/\/hier-luebeck.de\/index.php\/wp-json\/wp\/v2\/posts"}],"about":[{"href":"https:\/\/hier-luebeck.de\/index.php\/wp-json\/wp\/v2\/types\/post"}],"author":[{"embeddable":true,"href":"https:\/\/hier-luebeck.de\/index.php\/wp-json\/wp\/v2\/users\/3"}],"replies":[{"embeddable":true,"href":"https:\/\/hier-luebeck.de\/index.php\/wp-json\/wp\/v2\/comments?post=300222"}],"version-history":[{"count":0,"href":"https:\/\/hier-luebeck.de\/index.php\/wp-json\/wp\/v2\/posts\/300222\/revisions"}],"wp:attachment":[{"href":"https:\/\/hier-luebeck.de\/index.php\/wp-json\/wp\/v2\/media?parent=300222"}],"wp:term":[{"taxonomy":"category","embeddable":true,"href":"https:\/\/hier-luebeck.de\/index.php\/wp-json\/wp\/v2\/categories?post=300222"},{"taxonomy":"post_tag","embeddable":true,"href":"https:\/\/hier-luebeck.de\/index.php\/wp-json\/wp\/v2\/tags?post=300222"}],"curies":[{"name":"wp","href":"https:\/\/api.w.org\/{rel}","templated":true}]}}