{"id":30119,"date":"2011-03-15T18:27:01","date_gmt":"2011-03-15T17:27:01","guid":{"rendered":"http:\/\/www.hier-luebeck.de\/?p=30119"},"modified":"2011-03-15T18:27:01","modified_gmt":"2011-03-15T17:27:01","slug":"finanzminister-rainer-wiegard-tarifabschluss-soll-auch-fur-beamte-gelten","status":"publish","type":"post","link":"https:\/\/hier-luebeck.de\/index.php\/finanzminister-rainer-wiegard-tarifabschluss-soll-auch-fur-beamte-gelten\/","title":{"rendered":"Finanzminister Rainer Wiegard: Tarifabschluss soll auch f\u00fcr Beamte gelten"},"content":{"rendered":"<p>Finanzminister Rainer Wiegard will das Tarifergebnis f\u00fcr die Angestellten des Landes der vergangenen Woche auch auf die Beamten, Anw\u00e4rter und Versorgungsempf\u00e4nger im Lande \u00fcbertragen. \u201e&#8220;Das Tarifergebnis f\u00fcr die Angestellten soll zeit- und inhaltsgleich auch auf die Beamten, Anw\u00e4rter und Versorgungsempf\u00e4nger \u00fcbertragen werden.<!--more--> Ein entsprechender Gesetzentwurf ist bereits in Vorbereitung und wird dem Kabinett zeitnah zugeleitet&#8220;\u201c, erkl\u00e4rte Wiegard heute im Anschluss an die Kabinettsitzung, in der er das Verhandlungsergebnis zwischen der Tarifgemeinschaft deutscher L\u00e4nder (TdL) und den Gewerkschaften des \u00f6ffentlichen Dienstes vom vergangenen Donnerstag erl\u00e4utert hatte.<\/p>\n<p>\u201e&#8220;Angesichts der schwierigen finanziellen Lage des Landes ist der vereinbarte Tarifabschluss ein f\u00fcr beide Seiten akzeptables Ergebnis&#8220;\u201c, sagte Wiegard zum Abschluss der Verhandlungen. Das Land gehe mit dieser Erh\u00f6hung an die Grenze des finanziell Machbaren, die Besch\u00e4ftigten des Landes w\u00fcrden nicht von der wirtschaftlichen Entwicklung im Lande abgekoppelt. Erfreulich sei die Laufzeit von 24 Monaten. Dies schaffe Planungssicherheit.<\/p>\n<p>Der Gesetzentwurf werde wie bei den Tarifbesch\u00e4ftigten eine Einmalzahlung in H\u00f6he von 360 Euro vorsehen. Ab April 2011 werden die Grundgeh\u00e4lter der Beamtinnen und Beamten sowie die Anw\u00e4rterbez\u00fcge um 1,5 Prozent und ab Januar 2012 um 1,7 Prozent zuz\u00fcglich eines Sockelbetrages von 17 Euro erh\u00f6ht; weitere 0,2 Prozentpunkte der linearen Tariferh\u00f6hung des Jahres 2012 wird das Land der gesetzlichen Versorgungsr\u00fccklage zuf\u00fchren. Die Regelungen sollen auch f\u00fcr die Versorgungsempf\u00e4nger gelten.<\/p>\n<p>Das Tarifergebnis werde die Personalausgaben um bis zu 60 Millionen Euro in 2011 und bis zu 110 Millionen Euro in 2012 erh\u00f6hen. Im Haushalt hat der Finanzminister entsprechende Vorsorge getroffen.<\/p>\n","protected":false},"excerpt":{"rendered":"<p>Finanzminister Rainer Wiegard will das Tarifergebnis f\u00fcr die Angestellten des Landes der vergangenen Woche auch auf die Beamten, Anw\u00e4rter und<\/p>\n","protected":false},"author":3,"featured_media":0,"comment_status":"open","ping_status":"open","sticky":false,"template":"","format":"standard","meta":{"colormag_page_container_layout":"default_layout","colormag_page_sidebar_layout":"default_layout","footnotes":""},"categories":[5],"tags":[],"class_list":["post-30119","post","type-post","status-publish","format-standard","hentry","category-politik-wirtschaft"],"_links":{"self":[{"href":"https:\/\/hier-luebeck.de\/index.php\/wp-json\/wp\/v2\/posts\/30119","targetHints":{"allow":["GET"]}}],"collection":[{"href":"https:\/\/hier-luebeck.de\/index.php\/wp-json\/wp\/v2\/posts"}],"about":[{"href":"https:\/\/hier-luebeck.de\/index.php\/wp-json\/wp\/v2\/types\/post"}],"author":[{"embeddable":true,"href":"https:\/\/hier-luebeck.de\/index.php\/wp-json\/wp\/v2\/users\/3"}],"replies":[{"embeddable":true,"href":"https:\/\/hier-luebeck.de\/index.php\/wp-json\/wp\/v2\/comments?post=30119"}],"version-history":[{"count":0,"href":"https:\/\/hier-luebeck.de\/index.php\/wp-json\/wp\/v2\/posts\/30119\/revisions"}],"wp:attachment":[{"href":"https:\/\/hier-luebeck.de\/index.php\/wp-json\/wp\/v2\/media?parent=30119"}],"wp:term":[{"taxonomy":"category","embeddable":true,"href":"https:\/\/hier-luebeck.de\/index.php\/wp-json\/wp\/v2\/categories?post=30119"},{"taxonomy":"post_tag","embeddable":true,"href":"https:\/\/hier-luebeck.de\/index.php\/wp-json\/wp\/v2\/tags?post=30119"}],"curies":[{"name":"wp","href":"https:\/\/api.w.org\/{rel}","templated":true}]}}