{"id":30277,"date":"2011-03-17T11:20:26","date_gmt":"2011-03-17T10:20:26","guid":{"rendered":"http:\/\/www.hier-luebeck.de\/?p=30277"},"modified":"2011-03-17T11:20:26","modified_gmt":"2011-03-17T10:20:26","slug":"werner-kalinka-breite-mehrheit-im-parlament-fur-das-neue-wahlgesetz","status":"publish","type":"post","link":"https:\/\/hier-luebeck.de\/index.php\/werner-kalinka-breite-mehrheit-im-parlament-fur-das-neue-wahlgesetz\/","title":{"rendered":"Werner Kalinka: Breite Mehrheit im Parlament f\u00fcr das neue Wahlgesetz"},"content":{"rendered":"<p><a rel=\"attachment wp-att-11130\" href=\"http:\/\/www.hier-luebeck.de\/2011\/01\/niclas-herbst-zu-top-19-und-32\/cdu-logo\/\"><img loading=\"lazy\" decoding=\"async\" class=\"alignleft size-full wp-image-11130\" title=\"CDU-Logo\" src=\"http:\/\/www.hier-luebeck.de\/wp-content\/uploads\/2010\/02\/CDU-Logo.gif\" alt=\"\" width=\"150\" height=\"57\" \/><\/a>Zur Empfehlung des Innen- und Rechtsausschusses f\u00fcr das neue Wahlrecht in Schleswig-Holstein erkl\u00e4rt der innenpolitische Sprecher der CDU-Landtagsfraktion, Werner Kalinka:<!--more--><\/p>\n<p>\u201eN\u00e4chsten Woche wird der Landtag das Wahlgesetz verabschieden. Damit herrscht  Klarheit und Rechtssicherheit zur Landtagswahl am 6. Mai 2012.<\/p>\n<p>Das Landesverfassungsgericht hatte bis Ende Mai 2011 die Frist f\u00fcr die Verabschiedung eines neuen Wahlgesetzes gesetzt. Wir sind zwei Monate fr\u00fcher fertig geworden. So, wie wir uns dies vorgenommen hatten. Das neue Wahlrecht sollte nicht \u201eauf die letzte Minute\u201c verabschiedet werden.<\/p>\n<p>Seit Februar 2010 haben wir am neuen Wahlrecht gearbeitet. Umfangreiche schriftliche und m\u00fcndliche Anh\u00f6rungen, sorgf\u00e4ltige Beratungen und das Bem\u00fchen um Kompromisse kennzeichneten die Arbeit. Zudem hatten wir vor Monaten den \u00c4ltestenrat gebeten, diese wichtige Frage zu begleiten.<\/p>\n<p>Am Ende haben wir einen Kompromiss gefunden, der eben auch nur ein Kompromiss sein konnte. CDU, SPD und FDP haben das Gesetz mit ihren Stimmen verabschiedet. Es hat damit eine breite Mehrheit im Parlament. Dies ist ein gutes, sachorientiertes Signal. In diesem Sinne sollten wir unsere Arbeit bis zur Neuwahl am 6. Mai 2012 fortsetzen.\u201c<\/p>\n","protected":false},"excerpt":{"rendered":"<p>Zur Empfehlung des Innen- und Rechtsausschusses f\u00fcr das neue Wahlrecht in Schleswig-Holstein erkl\u00e4rt der innenpolitische Sprecher der CDU-Landtagsfraktion, Werner Kalinka:<\/p>\n","protected":false},"author":3,"featured_media":0,"comment_status":"open","ping_status":"open","sticky":false,"template":"","format":"standard","meta":{"colormag_page_container_layout":"default_layout","colormag_page_sidebar_layout":"default_layout","footnotes":""},"categories":[5],"tags":[],"class_list":["post-30277","post","type-post","status-publish","format-standard","hentry","category-politik-wirtschaft"],"_links":{"self":[{"href":"https:\/\/hier-luebeck.de\/index.php\/wp-json\/wp\/v2\/posts\/30277","targetHints":{"allow":["GET"]}}],"collection":[{"href":"https:\/\/hier-luebeck.de\/index.php\/wp-json\/wp\/v2\/posts"}],"about":[{"href":"https:\/\/hier-luebeck.de\/index.php\/wp-json\/wp\/v2\/types\/post"}],"author":[{"embeddable":true,"href":"https:\/\/hier-luebeck.de\/index.php\/wp-json\/wp\/v2\/users\/3"}],"replies":[{"embeddable":true,"href":"https:\/\/hier-luebeck.de\/index.php\/wp-json\/wp\/v2\/comments?post=30277"}],"version-history":[{"count":0,"href":"https:\/\/hier-luebeck.de\/index.php\/wp-json\/wp\/v2\/posts\/30277\/revisions"}],"wp:attachment":[{"href":"https:\/\/hier-luebeck.de\/index.php\/wp-json\/wp\/v2\/media?parent=30277"}],"wp:term":[{"taxonomy":"category","embeddable":true,"href":"https:\/\/hier-luebeck.de\/index.php\/wp-json\/wp\/v2\/categories?post=30277"},{"taxonomy":"post_tag","embeddable":true,"href":"https:\/\/hier-luebeck.de\/index.php\/wp-json\/wp\/v2\/tags?post=30277"}],"curies":[{"name":"wp","href":"https:\/\/api.w.org\/{rel}","templated":true}]}}