{"id":30284,"date":"2011-03-17T11:29:00","date_gmt":"2011-03-17T10:29:00","guid":{"rendered":"http:\/\/www.hier-luebeck.de\/?p=30284"},"modified":"2011-03-17T11:29:00","modified_gmt":"2011-03-17T10:29:00","slug":"gesundheitspolitik","status":"publish","type":"post","link":"https:\/\/hier-luebeck.de\/index.php\/gesundheitspolitik\/","title":{"rendered":"Gesundheitspolitik"},"content":{"rendered":"<p><a rel=\"attachment wp-att-16108\" href=\"http:\/\/www.hier-luebeck.de\/2010\/06\/neues-aus-der-kulturschmiede-2\/cdu-logo-3\/\"><img loading=\"lazy\" decoding=\"async\" class=\"alignleft size-full wp-image-16108\" title=\"CDU-Logo\" src=\"http:\/\/www.hier-luebeck.de\/wp-content\/uploads\/2010\/05\/CDU-Logo1.gif\" alt=\"\" width=\"150\" height=\"57\" \/><\/a>Ursula Sassen: Umfassender Infektionsschutz durch bessere Hygiene  in Krankenh\u00e4usern!<\/p>\n<p>Die gesundheitspolitische Sprecherin der CDU-Landtagsfraktion, Ursula Sassen, hat den Beschluss des Bundeskabinetts f\u00fcr ein neues Infektionsschutzgesetz begr\u00fc\u00dft. <!--more--><\/p>\n<p>\u201eJetzt k\u00f6nnen wir die Vorgaben des Bundes direkt in die Ausgestaltung und Umsetzung der Landesverordnung zum Infektionsschutz im Rahmen der \u00c4nderung des Gesundheitsdienstgesetzes einbringen\u201c, erkl\u00e4rte Sassen. Dazu f\u00e4nden derzeit Anh\u00f6rungen im Sozialausschuss statt.<\/p>\n<p>Sassen verwies auf den umfassenden Ansatz, den das neue Gesetz vorgebe. Es w\u00fcrden nicht nur die bisherigen Empfehlungen des Robert-Koch-Instituts f\u00fcr die Krankenh\u00e4user verpflichtend, sondern auch der ambulante Bereich st\u00e4rker in die Behandlung infizierter Patienten einbezogen. \u201eDamit k\u00f6nnen L\u00fccken im Behandlungskreislauf weiter geschlossen werden. Wichtig ist mir vor allem die umfassende und verbesserte Personalqualifizierung in Fragen des Infektionsschutzes und der Hygiene\u201c, so die Gesundheitspolitikerin.<\/p>\n<p>Auch in der Frage des Verbraucherschutzes gebe es wichtige Neuerungen. Die Krankenh\u00e4user m\u00fcssen zuk\u00fcnftig in ihren Qualit\u00e4tsberichten die Hygienestandards ver\u00f6ffentlichen. Dies k\u00f6nnte den Patienten ein weiteres Entscheidungskriterium an die Hand gegeben, wenn es um die Klinikwahl gehe, so Sassen abschlie\u00dfend.<\/p>\n","protected":false},"excerpt":{"rendered":"<p>Ursula Sassen: Umfassender Infektionsschutz durch bessere Hygiene in Krankenh\u00e4usern! Die gesundheitspolitische Sprecherin der CDU-Landtagsfraktion, Ursula Sassen, hat den Beschluss des<\/p>\n","protected":false},"author":3,"featured_media":0,"comment_status":"open","ping_status":"open","sticky":false,"template":"","format":"standard","meta":{"colormag_page_container_layout":"default_layout","colormag_page_sidebar_layout":"default_layout","footnotes":""},"categories":[5],"tags":[],"class_list":["post-30284","post","type-post","status-publish","format-standard","hentry","category-politik-wirtschaft"],"_links":{"self":[{"href":"https:\/\/hier-luebeck.de\/index.php\/wp-json\/wp\/v2\/posts\/30284","targetHints":{"allow":["GET"]}}],"collection":[{"href":"https:\/\/hier-luebeck.de\/index.php\/wp-json\/wp\/v2\/posts"}],"about":[{"href":"https:\/\/hier-luebeck.de\/index.php\/wp-json\/wp\/v2\/types\/post"}],"author":[{"embeddable":true,"href":"https:\/\/hier-luebeck.de\/index.php\/wp-json\/wp\/v2\/users\/3"}],"replies":[{"embeddable":true,"href":"https:\/\/hier-luebeck.de\/index.php\/wp-json\/wp\/v2\/comments?post=30284"}],"version-history":[{"count":0,"href":"https:\/\/hier-luebeck.de\/index.php\/wp-json\/wp\/v2\/posts\/30284\/revisions"}],"wp:attachment":[{"href":"https:\/\/hier-luebeck.de\/index.php\/wp-json\/wp\/v2\/media?parent=30284"}],"wp:term":[{"taxonomy":"category","embeddable":true,"href":"https:\/\/hier-luebeck.de\/index.php\/wp-json\/wp\/v2\/categories?post=30284"},{"taxonomy":"post_tag","embeddable":true,"href":"https:\/\/hier-luebeck.de\/index.php\/wp-json\/wp\/v2\/tags?post=30284"}],"curies":[{"name":"wp","href":"https:\/\/api.w.org\/{rel}","templated":true}]}}