{"id":30317,"date":"2011-03-17T18:35:42","date_gmt":"2011-03-17T17:35:42","guid":{"rendered":"http:\/\/www.hier-luebeck.de\/?p=30317"},"modified":"2011-03-17T18:35:42","modified_gmt":"2011-03-17T17:35:42","slug":"kooperation-der-breitbandakteure-in-schleswig-holstein","status":"publish","type":"post","link":"https:\/\/hier-luebeck.de\/index.php\/kooperation-der-breitbandakteure-in-schleswig-holstein\/","title":{"rendered":"Kooperation der Breitbandakteure in Schleswig-Holstein:"},"content":{"rendered":"<h1><\/h1>\n<div>\n<p>Wirtschaftsminister und Investitionsbank unterzeichnen Breitbanderkl\u00e4rung<\/p>\n<\/div>\n<div>\n<p>Um die Verantwortung f\u00fcr den Breitbandausbau in  Schleswig-Holstein auf eine gemeinsame Grundlage zu stellen, haben am  17. M\u00e4rz Wirtschaftsminister Jost de Jager, Erk Westermann-Lammers,  Vorsitzender des Vorstandes der Investitionsbank (IB) und knapp 40  Unternehmen und Institutionen aus dem Breitbandsektor eine  Breitbanderkl\u00e4rung unterzeichnet.<!--more--><\/p>\n<\/div>\n<p>\u201e<q>Die bereits gute Kooperation der Breitbandakteure im Rahmen des  im letzten Jahr eingerichteten \u201eRunden Tisches Breitband\u201c wird durch die  Unterzeichnung der Breitbanderkl\u00e4rung gefestigt<\/q>\u201c, sagte der  Minister. Breitbandausbau werde als Basisinfrastruktur des 21.  Jahrhunderts immer wichtiger. Unabh\u00e4ngig von unterschiedlich genutzten  Technologien sei das gemeinsame Ziel der Breitbanderkl\u00e4rung deshalb eine  Intensivierung der Zusammenarbeit mit und unter den  Telekommunikationsunternehmen, Stadtwerken und Zweckverb\u00e4nden.<\/p>\n<p><img loading=\"lazy\" decoding=\"async\" class=\"alignleft\" title=\"DSL Kabel\" src=\"http:\/\/www.schleswig-holstein.de\/cae\/servlet\/contentblob\/986206\/normal\/DSL_Kabel.jpg\" alt=\"DSL Kabel\" width=\"210\" height=\"273\" \/><\/p>\n<p>\u201e<q>Mit der Breitbanderkl\u00e4rung haben wir konkrete Aktivit\u00e4ten zur  L\u00f6sung anstehender Probleme auf dem Weg zum Breitband-Land  Schleswig-Holstein vereinbart<\/q>\u201c, sagte de Jager. So g\u00e4be es drei  Arbeitsgruppen zu wichtigen Fragestellungen wie die Technische  Standards, die Nutzung von Synergieeffekten oder die Optimierung  kommunaler Planungsprozesse. Dar\u00fcber hinaus bereite die Investitionsbank  Konferenzen zu regionalen L\u00f6sungsans\u00e4tzen vor, zum informellen  Austausch der Akteure werde ein Breitband-Stammtisch eingerichtet und  einzelne Fachthemen wie der LTE-Ausbau und die Realisierung kommunaler  Breitband-Zweckverb\u00e4nde w\u00fcrden vorangetrieben. \u201e<q>Im Herbst treffen wir  uns zu einem zweiten \u201eRunden Tisch Breitband\u201c, um die Ergebnisse dieser  Aktivit\u00e4ten auszuwerten und neue Zielsetzungen festzulegen<\/q>\u201c, sagte der Minister.<\/p>\n<p>Eine \u201ePremium-Partnerschaft\u201c beim \u201eRunden Tisch Breitband\u201c g\u00e4be es  nach den Worten de Jagers mit der Investitionsbank Schleswig-Holstein.  Hierzu sagte Erk Westermann-Lammers, Vorsitzender des Vorstandes der  Investitionsbank: \u201e<q>Um den Breitbandausbau voranzubringen, m\u00fcssen  Investitionsentscheidungen transparent gemacht und langfristige  zinsg\u00fcnstige Finanzierungen angeboten werden. Genau das bietet die  Investitionsbank mit dem Produkt IB.Breitband. Damit unterst\u00fctzen wir  als Markt\u00f6ffner, Berater und Finanzierungspartner sowohl Kunden als auch  Kreditinstitute.<\/q>\u201c<\/p>\n<p><img loading=\"lazy\" decoding=\"async\" class=\"alignleft\" title=\"Logo Investitionsbank Schleswig-Holstein\" src=\"http:\/\/www.schleswig-holstein.de\/cae\/servlet\/contentblob\/974178\/normal\/IB_Logo.jpg\" alt=\"Logo Investitionsbank Schleswig-Holstein\" width=\"190\" height=\"145\" \/><\/p>\n<p>Die Investitionsbank arbeitet dabei eng mit der Europ\u00e4ischen  Investitionsbank und der Landwirtschaftlichen Rentenbank zusammen und  holt so F\u00f6rdermittel der EU und des Bundes nach Schleswig-Holstein.  Westermann-Lammers betonte die Bedeutung von Kooperationen als Schl\u00fcssel  zum Erfolg und begr\u00fc\u00dfte ausdr\u00fccklich, dass der kooperative Gedanke bei  den Telekommunikations- und Infrastrukturanbietern in Schleswig-Holstein  stark ausgepr\u00e4gt ist. \u201e<q>Die Investitionsbank bekennt sich zu ihrer  Verantwortung, die wirtschafts- und strukturpolitische Entwicklung  voranzubringen. Mit IB.Breitband wollen wir Schleswig-Holstein fit  machen f\u00fcr den Megatrend Digitalisierung<\/q>\u201c, so Westermann-Lammers.<\/p>\n<p>De Jager und Westermann-Lammers erinnerten die beteiligten  Unternehmen daran, dass es trotz des Wettbewerbs untereinander \u201egro\u00dfe  Chancen auf Mehrwerte und Synergieeffekte\u201c g\u00e4be, die allen Beteiligten  n\u00fctzen. Diese Sch\u00e4tze gelte es zu heben. \u201e<q>Dass sich mit dem heutigen  Tage bereits knapp 40 Unternehmen und Institutionen zur Unterschrift  bereit erkl\u00e4rt haben und weitere folgen wollen, zeigt, dass wir auf dem  richtigen Wege sind<\/q>\u201c, sagte de Jager.<\/p>\n<p>\ufeff<\/p>\n","protected":false},"excerpt":{"rendered":"<p>Wirtschaftsminister und Investitionsbank unterzeichnen Breitbanderkl\u00e4rung Um die Verantwortung f\u00fcr den Breitbandausbau in Schleswig-Holstein auf eine gemeinsame Grundlage zu stellen, haben<\/p>\n","protected":false},"author":3,"featured_media":0,"comment_status":"open","ping_status":"open","sticky":false,"template":"","format":"standard","meta":{"colormag_page_container_layout":"default_layout","colormag_page_sidebar_layout":"default_layout","footnotes":""},"categories":[5],"tags":[],"class_list":["post-30317","post","type-post","status-publish","format-standard","hentry","category-politik-wirtschaft"],"_links":{"self":[{"href":"https:\/\/hier-luebeck.de\/index.php\/wp-json\/wp\/v2\/posts\/30317","targetHints":{"allow":["GET"]}}],"collection":[{"href":"https:\/\/hier-luebeck.de\/index.php\/wp-json\/wp\/v2\/posts"}],"about":[{"href":"https:\/\/hier-luebeck.de\/index.php\/wp-json\/wp\/v2\/types\/post"}],"author":[{"embeddable":true,"href":"https:\/\/hier-luebeck.de\/index.php\/wp-json\/wp\/v2\/users\/3"}],"replies":[{"embeddable":true,"href":"https:\/\/hier-luebeck.de\/index.php\/wp-json\/wp\/v2\/comments?post=30317"}],"version-history":[{"count":0,"href":"https:\/\/hier-luebeck.de\/index.php\/wp-json\/wp\/v2\/posts\/30317\/revisions"}],"wp:attachment":[{"href":"https:\/\/hier-luebeck.de\/index.php\/wp-json\/wp\/v2\/media?parent=30317"}],"wp:term":[{"taxonomy":"category","embeddable":true,"href":"https:\/\/hier-luebeck.de\/index.php\/wp-json\/wp\/v2\/categories?post=30317"},{"taxonomy":"post_tag","embeddable":true,"href":"https:\/\/hier-luebeck.de\/index.php\/wp-json\/wp\/v2\/tags?post=30317"}],"curies":[{"name":"wp","href":"https:\/\/api.w.org\/{rel}","templated":true}]}}