{"id":30332,"date":"2011-03-18T09:38:14","date_gmt":"2011-03-18T08:38:14","guid":{"rendered":"http:\/\/www.hier-luebeck.de\/?p=30332"},"modified":"2011-03-18T09:38:14","modified_gmt":"2011-03-18T08:38:14","slug":"lesung-des-deutsch-turkischen-dichters-nevfel-cumart","status":"publish","type":"post","link":"https:\/\/hier-luebeck.de\/index.php\/lesung-des-deutsch-turkischen-dichters-nevfel-cumart\/","title":{"rendered":"Lesung des deutsch-t\u00fcrkischen Dichters Nevfel Cumart"},"content":{"rendered":"<p><a rel=\"attachment wp-att-30333\" href=\"http:\/\/www.hier-luebeck.de\/2011\/03\/lesung-des-deutsch-turkischen-dichters-nevfel-cumart\/nevfel-cumart-4-08\/\"><img loading=\"lazy\" decoding=\"async\" class=\"alignleft size-medium wp-image-30333\" title=\"Nevfel Cumart 4-08\" src=\"http:\/\/www.hier-luebeck.de\/wp-content\/uploads\/2011\/03\/Nevfel-Cumart-4-08-212x320.jpg\" alt=\"\" width=\"212\" height=\"320\" srcset=\"https:\/\/hier-luebeck.de\/wp-content\/uploads\/2011\/03\/Nevfel-Cumart-4-08-212x320.jpg 212w, https:\/\/hier-luebeck.de\/wp-content\/uploads\/2011\/03\/Nevfel-Cumart-4-08-225x340.jpg 225w, https:\/\/hier-luebeck.de\/wp-content\/uploads\/2011\/03\/Nevfel-Cumart-4-08.jpg 332w\" sizes=\"auto, (max-width: 212px) 100vw, 212px\" \/><\/a>Freitag, 25. M\u00e4rz, 16 Uhr<br \/>\nBuddenbrookhaus, L\u00fcbeck<\/p>\n<p>Sein erstes Buch ver\u00f6ffentlichte er, als er noch zur Schule ging. Das war im Jahre 1983 &#8211; eine kleine Sensation in Stade, wo er damals lebte. Mittlerweile erschienen f\u00fcnfzehn Gedichtb\u00e4nde und machten den deutsch-t\u00fcrkischen Dichter Nevfel Cumart zu einem der produktivsten und kreativsten Lyriker seiner Generation in Deutschland.<!--more--> Am Freitag, 25. M\u00e4rz, liest Nevfel Cumart im Buddenbrookhaus in L\u00fcbeck. Er wird Gedichte aus seinen Werken vortragen und dabei seinem Publikum ein weites literarisches Spektrum pr\u00e4sentieren: biographische Texte, sensible Liebesgedichte und klassische Reisegedichte werden ebenso zu h\u00f6ren sein wie gesellschaftlich-politische Gedichte und humorvolle Momentaufnahmen aus einem Leben in verschiedenen Kulturen. Dar\u00fcber hinaus wird Cumart aus seinem facettenreichen Leben als Migrant der zweiten Generation in Deutschland und von seiner literarischen Arbeit zwischen zwei Kulturen berichten. Die Lesung, die Teil des Seminars \u201eLiteratur, Medien und Jugendkultur\u201c ist, beginnt um 16 Uhr. Der Eintritt ist frei.<\/p>\n<p>Nevfel Cumart, geboren 1964, studierte Turkologie, Arabistik und Islamwissenschaft und arbeitet seit 1993 als freiberuflicher Schriftsteller, \u00dcbersetzer, Referent und Journalist. Er ver\u00f6ffentlichte f\u00fcnfzehn Gedichtb\u00e4nde und eine Sammlung mit Erz\u00e4hlungen. F\u00fcr sein literarisches Werk erhielt er zahlreiche Literaturpreise, u. a. den Kulturpreis Bayern in 2008 und den Kulturpreis der Oberfrankenstiftung in 2009. Er \u00fcbersetzte aus den Werken t\u00fcrkischer Autoren, darunter auch Yasar Kemal, Celil Oker und Fazil H\u00fcsn\u00fc Daglarca. Cumart h\u00e4lt Vortr\u00e4ge und leitet Seminare \u00fcber die T\u00fcrkei, die Situation der Migranten in Deutschland sowie \u00fcber die Religion des Islams. Seine Lese- und Vortragsreisen f\u00fchrten ihn mehrfach ins Ausland (u. a. England, Irland, T\u00fcrkei, Schweiz, Polen).<\/p>\n","protected":false},"excerpt":{"rendered":"<p>Freitag, 25. M\u00e4rz, 16 Uhr Buddenbrookhaus, L\u00fcbeck Sein erstes Buch ver\u00f6ffentlichte er, als er noch zur Schule ging. Das war<\/p>\n","protected":false},"author":3,"featured_media":0,"comment_status":"open","ping_status":"open","sticky":false,"template":"","format":"standard","meta":{"colormag_page_container_layout":"default_layout","colormag_page_sidebar_layout":"default_layout","footnotes":""},"categories":[13],"tags":[],"class_list":["post-30332","post","type-post","status-publish","format-standard","hentry","category-veranstaltungen"],"_links":{"self":[{"href":"https:\/\/hier-luebeck.de\/index.php\/wp-json\/wp\/v2\/posts\/30332","targetHints":{"allow":["GET"]}}],"collection":[{"href":"https:\/\/hier-luebeck.de\/index.php\/wp-json\/wp\/v2\/posts"}],"about":[{"href":"https:\/\/hier-luebeck.de\/index.php\/wp-json\/wp\/v2\/types\/post"}],"author":[{"embeddable":true,"href":"https:\/\/hier-luebeck.de\/index.php\/wp-json\/wp\/v2\/users\/3"}],"replies":[{"embeddable":true,"href":"https:\/\/hier-luebeck.de\/index.php\/wp-json\/wp\/v2\/comments?post=30332"}],"version-history":[{"count":0,"href":"https:\/\/hier-luebeck.de\/index.php\/wp-json\/wp\/v2\/posts\/30332\/revisions"}],"wp:attachment":[{"href":"https:\/\/hier-luebeck.de\/index.php\/wp-json\/wp\/v2\/media?parent=30332"}],"wp:term":[{"taxonomy":"category","embeddable":true,"href":"https:\/\/hier-luebeck.de\/index.php\/wp-json\/wp\/v2\/categories?post=30332"},{"taxonomy":"post_tag","embeddable":true,"href":"https:\/\/hier-luebeck.de\/index.php\/wp-json\/wp\/v2\/tags?post=30332"}],"curies":[{"name":"wp","href":"https:\/\/api.w.org\/{rel}","templated":true}]}}