{"id":30501,"date":"2011-03-22T13:26:56","date_gmt":"2011-03-22T12:26:56","guid":{"rendered":"http:\/\/www.hier-luebeck.de\/?p=30501"},"modified":"2011-03-22T13:26:56","modified_gmt":"2011-03-22T12:26:56","slug":"andere-lander-andere-kindergarten","status":"publish","type":"post","link":"https:\/\/hier-luebeck.de\/index.php\/andere-lander-andere-kindergarten\/","title":{"rendered":"Andere L\u00e4nder, andere Kinderg\u00e4rten"},"content":{"rendered":"<p><a rel=\"attachment wp-att-16145\" href=\"http:\/\/www.hier-luebeck.de\/2010\/08\/bildungsminister-spricht-in-der-gemeinnutzigen\/gemeinnuetzigelg-4\/\"><img loading=\"lazy\" decoding=\"async\" class=\"alignleft size-full wp-image-16145\" title=\"GemeinnuetzigeLg\" src=\"http:\/\/www.hier-luebeck.de\/wp-content\/uploads\/2010\/05\/GemeinnuetzigeLg.jpg\" alt=\"\" width=\"165\" height=\"103\" \/><\/a>Vortrag in der Gemeinn\u00fctzigen am 30. M\u00e4rz 2011<\/p>\n<p>Am Mittwoch, 30. M\u00e4rz 2011, 19.30 Uhr, findet im Gro\u00dfen Saal der Gemeinn\u00fctzigen, K\u00f6nigstra\u00dfe 5, im Rahmen der mittwochsBILDUNG ein Vortrag und Gespr\u00e4ch statt mit Eva Hammes-Di Bernardo zum Thema \u201eAndere L\u00e4nder, andere Kinderg\u00e4rten! Die vorschulische Erziehung im europ\u00e4ischen Ausland\u201c. Der Eintritt ist frei.<!--more--><\/p>\n<p>\u201eDie ersten Bildungsjahre sind f\u00fcr die Bildungsbiografie entscheidend. Kinder wollen etwas leisten f\u00fcr sich selbst und f\u00fcr die Gemeinschaft, in der sie aufwachsen. Bildungsprogramme geben Erzieher(innen) \u2013 als Experten f\u00fcr fr\u00fche Bildung \u2013 einen verbindlichen Rahmen f\u00fcr die p\u00e4dagogische Arbeit. Kindertagesst\u00e4tte und Grundschule sind beim \u00dcbergang gemeinsam gefordert. Es bedarf einer geregelten Kooperation zwischen Grundschule und sozialp\u00e4dagogischen Fachkr\u00e4ften\u201c, erl\u00e4utert Eva Hammes-Di Bernardo.<\/p>\n<p>Die europ\u00e4ische Perspektive gewinnt in der fr\u00fchkindlichen P\u00e4dagogik immer mehr an Bedeutung. Welche Kindertageseinrichtungen besuchen Kinder eigentlich in den anderen europ\u00e4ischen L\u00e4ndern? Sind diese Kinderg\u00e4rten vergleichbar mit den Einrichtungen in Deutschland? Und wer arbeitet in diesen Einrichtungen f\u00fcr die Drei- bis Sechsj\u00e4hrigen? Welche Ausbildung haben die Fachkr\u00e4fte? Gibt es in z.B. Frankreich, England oder Spanien p\u00e4dagogische Programme f\u00fcr die Bildung und Erziehung der Kinder?<\/p>\n<p>Eva Hammes-Di Bernardo, geboren 1959, studierte Germanistik, Romanistik, Italianistik, Ethnologie und Anthropologie. Sie f\u00fchrte mehrj\u00e4hrige Projektarbeiten im Bereich der interkulturellen und zweisprachigen Vorschulerziehung, u. a. f\u00fcr das italienische Konsulat im Saarland und das saarl\u00e4ndische Sozialministerium, durch. Sie leitete das Referat Kindertageseinrichtungen im saarl\u00e4ndischen Landesjugendamt und war wissenschaftliche Mitarbeiterin an der Universit\u00e4t des Saarlandes im Bereich der romanistischen und grenz\u00fcberschreitenden Studien. Seit 2001 ist sie Referentin f\u00fcr Fr\u00fchkindliche Bildung und Betreuung im saarl\u00e4ndischen Ministerium f\u00fcr Bildung mit dem Arbeitsschwerpunkt \u201eSprachentwicklung und Bildungsfragen im Kindergarten und \u00dcbergang Kindergarten-Grundschule\u201c. Seit 2004 ist Eva Hammes-Di Bernardo auch Vorstandsvorsitzende des Pestalozzi-Fr\u00f6bel-Verbandes.<\/p>\n<p>Wie immer steht die Referentin im Anschluss an ihren Vortrag zu einer Diskussion bereit.<\/p>\n","protected":false},"excerpt":{"rendered":"<p>Vortrag in der Gemeinn\u00fctzigen am 30. M\u00e4rz 2011 Am Mittwoch, 30. M\u00e4rz 2011, 19.30 Uhr, findet im Gro\u00dfen Saal der<\/p>\n","protected":false},"author":3,"featured_media":0,"comment_status":"open","ping_status":"open","sticky":false,"template":"","format":"standard","meta":{"colormag_page_container_layout":"default_layout","colormag_page_sidebar_layout":"default_layout","footnotes":""},"categories":[13],"tags":[],"class_list":["post-30501","post","type-post","status-publish","format-standard","hentry","category-veranstaltungen"],"_links":{"self":[{"href":"https:\/\/hier-luebeck.de\/index.php\/wp-json\/wp\/v2\/posts\/30501","targetHints":{"allow":["GET"]}}],"collection":[{"href":"https:\/\/hier-luebeck.de\/index.php\/wp-json\/wp\/v2\/posts"}],"about":[{"href":"https:\/\/hier-luebeck.de\/index.php\/wp-json\/wp\/v2\/types\/post"}],"author":[{"embeddable":true,"href":"https:\/\/hier-luebeck.de\/index.php\/wp-json\/wp\/v2\/users\/3"}],"replies":[{"embeddable":true,"href":"https:\/\/hier-luebeck.de\/index.php\/wp-json\/wp\/v2\/comments?post=30501"}],"version-history":[{"count":0,"href":"https:\/\/hier-luebeck.de\/index.php\/wp-json\/wp\/v2\/posts\/30501\/revisions"}],"wp:attachment":[{"href":"https:\/\/hier-luebeck.de\/index.php\/wp-json\/wp\/v2\/media?parent=30501"}],"wp:term":[{"taxonomy":"category","embeddable":true,"href":"https:\/\/hier-luebeck.de\/index.php\/wp-json\/wp\/v2\/categories?post=30501"},{"taxonomy":"post_tag","embeddable":true,"href":"https:\/\/hier-luebeck.de\/index.php\/wp-json\/wp\/v2\/tags?post=30501"}],"curies":[{"name":"wp","href":"https:\/\/api.w.org\/{rel}","templated":true}]}}