{"id":30508,"date":"2011-03-22T13:32:21","date_gmt":"2011-03-22T12:32:21","guid":{"rendered":"http:\/\/www.hier-luebeck.de\/?p=30508"},"modified":"2011-03-22T13:32:22","modified_gmt":"2011-03-22T12:32:22","slug":"vortrag-uber-schul-und-bildungsbauten","status":"publish","type":"post","link":"https:\/\/hier-luebeck.de\/index.php\/vortrag-uber-schul-und-bildungsbauten\/","title":{"rendered":"Vortrag \u00fcber Schul- und Bildungsbauten"},"content":{"rendered":"<p><a rel=\"attachment wp-att-16356\" href=\"http:\/\/www.hier-luebeck.de\/2010\/06\/vhs-vortrag-uber-den-umgang-mit-rechenschwache\/vhslogo-5\/\"><img loading=\"lazy\" decoding=\"async\" class=\"alignleft size-full wp-image-16356\" title=\"VHSLogo\" src=\"http:\/\/www.hier-luebeck.de\/wp-content\/uploads\/2010\/05\/VHSLogo.jpg\" alt=\"\" width=\"218\" height=\"96\" \/><\/a>Architekt stellt Schulbauprojekte von fr\u00fcher und heute vor<\/p>\n<p>Nach der Reihe \u201eArchitektur macht Schule\u201c m\u00f6chte das ArchitekturForum mit vier Vortr\u00e4gen Schulbauten in L\u00fcbeck von 1945 bis heute und weitere aktuelle Schulprojekte in Norddeutschland pr\u00e4sentieren.<!--more--> Daher spricht Prof. Dipl.-Ing. Rolf Schuster aus D\u00fcsseldorf \u00fcber die Architektur, in der Bildung f\u00fcr gro\u00df und klein stattfindet.<\/p>\n<p>Mit diesem Vortrag wird die Reihe des ArchitekurForums in der VHS L\u00fcbeck fortgesetzt. Er findet statt am Dienstag, 29. M\u00e4rz 2011 von 19.30 bis 21 Uhr in der H\u00fcxstra\u00dfe 118-120. Der Eintritt kostet 4,50 Euro, erm\u00e4\u00dfigt ein Euro f\u00fcr Sch\u00fcler und Studenten.<\/p>\n","protected":false},"excerpt":{"rendered":"<p>Architekt stellt Schulbauprojekte von fr\u00fcher und heute vor Nach der Reihe \u201eArchitektur macht Schule\u201c m\u00f6chte das ArchitekturForum mit vier Vortr\u00e4gen<\/p>\n","protected":false},"author":3,"featured_media":0,"comment_status":"open","ping_status":"open","sticky":false,"template":"","format":"standard","meta":{"colormag_page_container_layout":"default_layout","colormag_page_sidebar_layout":"default_layout","footnotes":""},"categories":[13],"tags":[],"class_list":["post-30508","post","type-post","status-publish","format-standard","hentry","category-veranstaltungen"],"_links":{"self":[{"href":"https:\/\/hier-luebeck.de\/index.php\/wp-json\/wp\/v2\/posts\/30508","targetHints":{"allow":["GET"]}}],"collection":[{"href":"https:\/\/hier-luebeck.de\/index.php\/wp-json\/wp\/v2\/posts"}],"about":[{"href":"https:\/\/hier-luebeck.de\/index.php\/wp-json\/wp\/v2\/types\/post"}],"author":[{"embeddable":true,"href":"https:\/\/hier-luebeck.de\/index.php\/wp-json\/wp\/v2\/users\/3"}],"replies":[{"embeddable":true,"href":"https:\/\/hier-luebeck.de\/index.php\/wp-json\/wp\/v2\/comments?post=30508"}],"version-history":[{"count":0,"href":"https:\/\/hier-luebeck.de\/index.php\/wp-json\/wp\/v2\/posts\/30508\/revisions"}],"wp:attachment":[{"href":"https:\/\/hier-luebeck.de\/index.php\/wp-json\/wp\/v2\/media?parent=30508"}],"wp:term":[{"taxonomy":"category","embeddable":true,"href":"https:\/\/hier-luebeck.de\/index.php\/wp-json\/wp\/v2\/categories?post=30508"},{"taxonomy":"post_tag","embeddable":true,"href":"https:\/\/hier-luebeck.de\/index.php\/wp-json\/wp\/v2\/tags?post=30508"}],"curies":[{"name":"wp","href":"https:\/\/api.w.org\/{rel}","templated":true}]}}