{"id":30568,"date":"2011-03-23T18:05:24","date_gmt":"2011-03-23T17:05:24","guid":{"rendered":"http:\/\/www.hier-luebeck.de\/?p=30568"},"modified":"2011-03-23T18:05:24","modified_gmt":"2011-03-23T17:05:24","slug":"gesundheitsminister-garg-zur-umsetzung-des-nichtraucherschutzgesetzes","status":"publish","type":"post","link":"https:\/\/hier-luebeck.de\/index.php\/gesundheitsminister-garg-zur-umsetzung-des-nichtraucherschutzgesetzes\/","title":{"rendered":"Gesundheitsminister Garg zur Umsetzung des Nichtraucherschutzgesetzes"},"content":{"rendered":"<p>KIEL. Anl\u00e4sslich der Befassung des schleswig-holsteinischen Landtages mit den Erfahrungen des Nichtraucherschutzgesetzes betonte Gesundheitsminister Dr. Heiner Garg:<!--more--><\/p>\n<p>\u201eNach der Novellierung 2008 hat sich das Nichtraucherschutzgesetz als pragmatischer und in der Bev\u00f6lkerung akzeptierter Weg f\u00fcr einen besseren Gesundheitsschutz bew\u00e4hrt. Die Regelungen in Schleswig-Holstein haben zu einem R\u00fcckgang des Rauchens in der \u00d6ffentlichkeit gef\u00fchrt. Das betrifft den Gastst\u00e4ttenbereich sowie Beh\u00f6rden, Krankenh\u00e4user, Erziehungs- und Bildungseinrichtungen oder Sport- und Kultureinrichtungen\u201c.<\/p>\n<p>Das schleswig-holsteinische \u201eGesetz zum Schutz vor den Gefahren des Passivrauchens\u201c ist im Dezember 2007 in Kraft getreten. Nach dem Urteil des Bundesverfassungsgerichts zu den Nichtraucherschutzgesetzen vom 30. Juli 2008 hat der Schleswig-Holsteinische Landtag einzelne Regelungen des Gesetzes zum Schutz vor den Gefahren des Passivrauchens neu gefasst. Wesentlicher Bestandteil des Gesetzes ist ein Rauchverbot in \u00f6ffentlichen Geb\u00e4uden und Gastronomie.<\/p>\n","protected":false},"excerpt":{"rendered":"<p>KIEL. Anl\u00e4sslich der Befassung des schleswig-holsteinischen Landtages mit den Erfahrungen des Nichtraucherschutzgesetzes betonte Gesundheitsminister Dr. Heiner Garg:<\/p>\n","protected":false},"author":3,"featured_media":0,"comment_status":"open","ping_status":"open","sticky":false,"template":"","format":"standard","meta":{"colormag_page_container_layout":"default_layout","colormag_page_sidebar_layout":"default_layout","footnotes":""},"categories":[5],"tags":[],"class_list":["post-30568","post","type-post","status-publish","format-standard","hentry","category-politik-wirtschaft"],"_links":{"self":[{"href":"https:\/\/hier-luebeck.de\/index.php\/wp-json\/wp\/v2\/posts\/30568","targetHints":{"allow":["GET"]}}],"collection":[{"href":"https:\/\/hier-luebeck.de\/index.php\/wp-json\/wp\/v2\/posts"}],"about":[{"href":"https:\/\/hier-luebeck.de\/index.php\/wp-json\/wp\/v2\/types\/post"}],"author":[{"embeddable":true,"href":"https:\/\/hier-luebeck.de\/index.php\/wp-json\/wp\/v2\/users\/3"}],"replies":[{"embeddable":true,"href":"https:\/\/hier-luebeck.de\/index.php\/wp-json\/wp\/v2\/comments?post=30568"}],"version-history":[{"count":0,"href":"https:\/\/hier-luebeck.de\/index.php\/wp-json\/wp\/v2\/posts\/30568\/revisions"}],"wp:attachment":[{"href":"https:\/\/hier-luebeck.de\/index.php\/wp-json\/wp\/v2\/media?parent=30568"}],"wp:term":[{"taxonomy":"category","embeddable":true,"href":"https:\/\/hier-luebeck.de\/index.php\/wp-json\/wp\/v2\/categories?post=30568"},{"taxonomy":"post_tag","embeddable":true,"href":"https:\/\/hier-luebeck.de\/index.php\/wp-json\/wp\/v2\/tags?post=30568"}],"curies":[{"name":"wp","href":"https:\/\/api.w.org\/{rel}","templated":true}]}}