{"id":30606,"date":"2011-03-24T12:06:57","date_gmt":"2011-03-24T11:06:57","guid":{"rendered":"http:\/\/www.hier-luebeck.de\/?p=30606"},"modified":"2011-03-24T16:30:29","modified_gmt":"2011-03-24T15:30:29","slug":"stammtisch-fur-pflegeeltern-10","status":"publish","type":"post","link":"https:\/\/hier-luebeck.de\/index.php\/stammtisch-fur-pflegeeltern-10\/","title":{"rendered":"Stammtisch f\u00fcr Pflegeeltern"},"content":{"rendered":"<p><a rel=\"attachment wp-att-10444\" href=\"http:\/\/www.hier-luebeck.de\/2010\/01\/offener-treff-fur-menschen-in-pflegesituationen\/marli-cafe-2\/\"><img loading=\"lazy\" decoding=\"async\" class=\"alignleft size-full wp-image-10444\" title=\"Marli-Cafe\" src=\"http:\/\/www.hier-luebeck.de\/wp-content\/uploads\/2010\/01\/Marli-Cafe1.jpg\" alt=\"\" width=\"183\" height=\"137\" \/><\/a>Informations- und Erfahrungsaustausch zwischen Fachkr\u00e4ften und Pflegeeltern &#8211; Der Pflegekinderdienst des Bereiches Familienhilfen\/ Jugendamt der Hansestadt L\u00fcbeck bietet einen offenen Stammtisch f\u00fcr interessierte Pflegepersonen an. Angesprochen werden Pflegeeltern, die bereits mit dem Bereich Familienhilfe zusammenarbeiten oder dieses in Erw\u00e4gung ziehen. Sozialp\u00e4dagogische Fachkr\u00e4fte freuen sich auf einen offenen Austausch.<\/p>\n<p>Ort: Marli Caf\u00e9 \u2013 St. Annen Stra\u00dfe 1 \u2013 L\u00fcbeck<\/p>\n<p>Tag: Donnerstag, 31. M\u00e4rz 2011<br \/>\nUhrzeit: 19 Uhr f\u00fcr auf Dauer angelegte Vollzeitpflegen.<\/p>\n","protected":false},"excerpt":{"rendered":"<p>Informations- und Erfahrungsaustausch zwischen Fachkr\u00e4ften und Pflegeeltern &#8211; Der Pflegekinderdienst des Bereiches Familienhilfen\/ Jugendamt der Hansestadt L\u00fcbeck bietet einen offenen<\/p>\n","protected":false},"author":3,"featured_media":0,"comment_status":"open","ping_status":"open","sticky":false,"template":"","format":"standard","meta":{"colormag_page_container_layout":"default_layout","colormag_page_sidebar_layout":"default_layout","footnotes":""},"categories":[20],"tags":[],"class_list":["post-30606","post","type-post","status-publish","format-standard","hentry","category-besondere-neuigkeiten"],"_links":{"self":[{"href":"https:\/\/hier-luebeck.de\/index.php\/wp-json\/wp\/v2\/posts\/30606","targetHints":{"allow":["GET"]}}],"collection":[{"href":"https:\/\/hier-luebeck.de\/index.php\/wp-json\/wp\/v2\/posts"}],"about":[{"href":"https:\/\/hier-luebeck.de\/index.php\/wp-json\/wp\/v2\/types\/post"}],"author":[{"embeddable":true,"href":"https:\/\/hier-luebeck.de\/index.php\/wp-json\/wp\/v2\/users\/3"}],"replies":[{"embeddable":true,"href":"https:\/\/hier-luebeck.de\/index.php\/wp-json\/wp\/v2\/comments?post=30606"}],"version-history":[{"count":0,"href":"https:\/\/hier-luebeck.de\/index.php\/wp-json\/wp\/v2\/posts\/30606\/revisions"}],"wp:attachment":[{"href":"https:\/\/hier-luebeck.de\/index.php\/wp-json\/wp\/v2\/media?parent=30606"}],"wp:term":[{"taxonomy":"category","embeddable":true,"href":"https:\/\/hier-luebeck.de\/index.php\/wp-json\/wp\/v2\/categories?post=30606"},{"taxonomy":"post_tag","embeddable":true,"href":"https:\/\/hier-luebeck.de\/index.php\/wp-json\/wp\/v2\/tags?post=30606"}],"curies":[{"name":"wp","href":"https:\/\/api.w.org\/{rel}","templated":true}]}}