{"id":30677,"date":"2011-03-25T13:12:34","date_gmt":"2011-03-25T12:12:34","guid":{"rendered":"http:\/\/www.hier-luebeck.de\/?p=30677"},"modified":"2011-03-25T13:12:34","modified_gmt":"2011-03-25T12:12:34","slug":"sozialminister-garg-schleswig-holstein-stellt-sich-der-verantwortung-gegenuber-ehemaligen-heimkindern","status":"publish","type":"post","link":"https:\/\/hier-luebeck.de\/index.php\/sozialminister-garg-schleswig-holstein-stellt-sich-der-verantwortung-gegenuber-ehemaligen-heimkindern\/","title":{"rendered":"Sozialminister Garg: Schleswig-Holstein stellt sich der Verantwortung gegen\u00fcber ehemaligen Heimkindern"},"content":{"rendered":"<p>KIEL. Der Schleswig-Holsteinische Landtag hat sich heute (25.3.) mit den Ergebnissen des Runden Tisches \u201eHeimerziehung\u201c auf Bundesebene befasst. Sozialminister Dr. Heiner Garg berichtete \u00fcber die Ergebnisse der bundesweiten Aufarbeitung der Heimerziehung der 50er \u2013 70er Jahre in Deutschland. Garg betonte dazu:<!--more--><br \/>\n\u201e&#8220;Die Landesregierung begr\u00fc\u00dft die Ergebnisse des Runden Tisches Heimerziehung und stellt sich ihrer Verantwortung. Wir setzen uns f\u00fcr die Umsetzung des gefundenen Kompromisses ein. Zu der erzielten Einigung geh\u00f6ren unter anderem:&#8220;<br \/>\n&#8222;Erstens: Der Runde Tisch empfiehlt ein klares Anerkenntnis der heutigen Repr\u00e4sentanten aller damals verantwortlichen Institutionen, dass den von der damaligen Heimerziehung Betroffenen Unrecht geschehen ist. In diesem Punkt ist Schleswig-Holstein weiter: Der Landtag hat in der vergangenen Legislaturperiode auf interfraktionellen Antrag einm\u00fctig das den Betroffenen widerfahrene Unrecht und Leid anerkannt und sein tiefes Bedauern ausgesprochen. Und ich selbst habe mich im vergangenen Jahr bei den Ehemaligen f\u00fcr das Geschehene entschuldigt.&#8220;<br \/>\n&#8222;Zweitens: Der Runde Tisch schl\u00e4gt die Einrichtung regionaler Anlauf- und Beratungsstellen vor, von denen Betroffene Unterst\u00fctzung bei der individuellen Aufarbeitung erhalten. Diese Aufgabe wird in Schleswig-Holstein seit mehr als zwei Jahren im Auftrag des Sozialministeriums von Herrn Landrat a. D. Gorrissen wahrgenommen und soll fortgef\u00fchrt werden.&#8220;<br \/>\n&#8222;Drittens: Der Runde Tisch hat Vorschl\u00e4ge zu finanziellen Ma\u00dfnahmen zugunsten einzelner Betroffener gemacht. In diesem Kernpunkt geht es darum, die f\u00fcr viele ehemalige Heimkinder heute noch wirksamen Folgen auszugleichen. Darunter fallen der Ausgleich f\u00fcr die Minderung von Rentenanspr\u00fcchen aufgrund nicht abgef\u00fchrter Sozialversicherungsbeitr\u00e4ge und materielle Hilfen bei Folgesch\u00e4den wie Traumatisierungen und bei den Aufwendungen f\u00fcr die Aufarbeitung der eigenen Geschichte. Schleswig-Holstein bekennt sich ausdr\u00fccklich auch in diesem Punkt zu dem vorgeschlagenen Kompromiss, der einen Fonds oder eine Stiftung vorschl\u00e4gt, der zu je 1\/3 vom Bund, den L\u00e4ndern und Kommunen sowie den Kirchen getragen wird. Zurzeit finden zum Umsetzungsverfahren l\u00e4nder\u00fcbergreifende Abstimmungen statt, an denen Schleswig-Holstein beteiligt ist.&#8220;\u201c<\/p>\n","protected":false},"excerpt":{"rendered":"<p>KIEL. Der Schleswig-Holsteinische Landtag hat sich heute (25.3.) mit den Ergebnissen des Runden Tisches \u201eHeimerziehung\u201c auf Bundesebene befasst. Sozialminister Dr.<\/p>\n","protected":false},"author":3,"featured_media":0,"comment_status":"open","ping_status":"open","sticky":false,"template":"","format":"standard","meta":{"colormag_page_container_layout":"default_layout","colormag_page_sidebar_layout":"default_layout","footnotes":""},"categories":[5],"tags":[],"class_list":["post-30677","post","type-post","status-publish","format-standard","hentry","category-politik-wirtschaft"],"_links":{"self":[{"href":"https:\/\/hier-luebeck.de\/index.php\/wp-json\/wp\/v2\/posts\/30677","targetHints":{"allow":["GET"]}}],"collection":[{"href":"https:\/\/hier-luebeck.de\/index.php\/wp-json\/wp\/v2\/posts"}],"about":[{"href":"https:\/\/hier-luebeck.de\/index.php\/wp-json\/wp\/v2\/types\/post"}],"author":[{"embeddable":true,"href":"https:\/\/hier-luebeck.de\/index.php\/wp-json\/wp\/v2\/users\/3"}],"replies":[{"embeddable":true,"href":"https:\/\/hier-luebeck.de\/index.php\/wp-json\/wp\/v2\/comments?post=30677"}],"version-history":[{"count":0,"href":"https:\/\/hier-luebeck.de\/index.php\/wp-json\/wp\/v2\/posts\/30677\/revisions"}],"wp:attachment":[{"href":"https:\/\/hier-luebeck.de\/index.php\/wp-json\/wp\/v2\/media?parent=30677"}],"wp:term":[{"taxonomy":"category","embeddable":true,"href":"https:\/\/hier-luebeck.de\/index.php\/wp-json\/wp\/v2\/categories?post=30677"},{"taxonomy":"post_tag","embeddable":true,"href":"https:\/\/hier-luebeck.de\/index.php\/wp-json\/wp\/v2\/tags?post=30677"}],"curies":[{"name":"wp","href":"https:\/\/api.w.org\/{rel}","templated":true}]}}