{"id":30679,"date":"2011-03-25T13:14:17","date_gmt":"2011-03-25T12:14:17","guid":{"rendered":"http:\/\/www.hier-luebeck.de\/?p=30679"},"modified":"2011-03-26T00:04:11","modified_gmt":"2011-03-25T23:04:11","slug":"pol-hl-hl-st-lorenz-nordhautpbahnhofsvorplatz-raub-auf-taxifahrerin-zeugen-gesucht","status":"publish","type":"post","link":"https:\/\/hier-luebeck.de\/index.php\/pol-hl-hl-st-lorenz-nordhautpbahnhofsvorplatz-raub-auf-taxifahrerin-zeugen-gesucht\/","title":{"rendered":"POL-HL: HL- St.-Lorenz NordHautpbahnhofsvorplatz \/ Raub auf Taxifahrerin &#8211; Zeugen gesucht"},"content":{"rendered":"<p><a href=\"http:\/\/www.hier-luebeck.de\/wp-content\/uploads\/2011\/03\/Raub\u00fcberfall-HL-008.jpg\"><img loading=\"lazy\" decoding=\"async\" class=\"alignleft size-full wp-image-30702\" title=\"Raub\u00fcberfall HL 008\" src=\"http:\/\/www.hier-luebeck.de\/wp-content\/uploads\/2011\/03\/Raub\u00fcberfall-HL-008.jpg\" alt=\"\" width=\"500\" height=\"335\" srcset=\"https:\/\/hier-luebeck.de\/wp-content\/uploads\/2011\/03\/Raub\u00fcberfall-HL-008.jpg 500w, https:\/\/hier-luebeck.de\/wp-content\/uploads\/2011\/03\/Raub\u00fcberfall-HL-008-320x214.jpg 320w, https:\/\/hier-luebeck.de\/wp-content\/uploads\/2011\/03\/Raub\u00fcberfall-HL-008-426x285.jpg 426w\" sizes=\"auto, (max-width: 500px) 100vw, 500px\" \/><\/a>Foto: TBF\/Holger Kr\u00f6ger<\/p>\n<p>L\u00fcbeck (ots) &#8211; Gestern  am sp\u00e4ten Abend gegen 00.20 Uhr,  hatte eine 26-j\u00e4hrige Taxifahrerin auf dem Bahnhofsvorplatz einen Fahrgast aufgenommen, der bei ihr auf dem Beifahrersitz Platz nahm  und fuhr ihn wunschgem\u00e4\u00df \u00fcber die Friedrichstra\u00dfe in die Helmholtzstra\u00dfe. Bereits eine Stunde vorher war ihr der Mann schon an dem Taxistand aufgefallen als er sich dort aufhielt.<!--more--><\/p>\n<p>Als die 26-j\u00e4hrige L\u00fcbeckerin den Wagen in der Helmholtzstra\u00dfe angehalten hatte und der Fahrgast den Fahrpreis entrichten sollte, bedrohte dieser sie mit einem Messer und entriss ihr ihre blaue Echtleder Geldb\u00f6rse, eine so genannte Kellnergeldb\u00f6rse mit nachtr\u00e4glich angebrachten Klettverschl\u00fcssen. Danach fl\u00fcchtete der Mann Richtung Kronsforder Allee.<\/p>\n<p>Als es zu dem Handgemenge im Wagen kam, hupte die Taxifahrerin, was einige der Anwohner geh\u00f6rt haben d\u00fcrften. Die Frau erlitt einen leichten Schock.<\/p>\n<p>Der Tatverd\u00e4chtige wird wie folgte beschrieben:<br \/>\n&#8211;       zirka 20 bis 30 Jahre alt<br \/>\n&#8211;       etwa 1,70 m gro\u00df, kr\u00e4ftige Figur<br \/>\n&#8211;       dunkle Hose, olivgr\u00fcne Jacke (m\u00f6glicherweise gesteppt)<br \/>\n&#8211;       roter Pullover oder Shirt unter der Jacke<br \/>\n&#8211;       heller Dreitagebart<br \/>\n&#8211;       eine beigefarbene M\u00fctze mit Schirm auf dem Kopf<\/p>\n<p>Haben Zeugen den Mann fl\u00fcchten sehen oder ihn auch am Bahnhof schon erkannt? Das Kommissariat 13 der Kripo L\u00fcbeck ermittelt und nimmt Hinweise unter der Telefonnummer 0451-131-0 entgegen.<\/p>\n","protected":false},"excerpt":{"rendered":"<p>Foto: TBF\/Holger Kr\u00f6ger L\u00fcbeck (ots) &#8211; Gestern am sp\u00e4ten Abend gegen 00.20 Uhr, hatte eine 26-j\u00e4hrige Taxifahrerin auf dem Bahnhofsvorplatz<\/p>\n","protected":false},"author":3,"featured_media":0,"comment_status":"open","ping_status":"open","sticky":false,"template":"","format":"standard","meta":{"colormag_page_container_layout":"default_layout","colormag_page_sidebar_layout":"default_layout","footnotes":""},"categories":[20],"tags":[],"class_list":["post-30679","post","type-post","status-publish","format-standard","hentry","category-besondere-neuigkeiten"],"_links":{"self":[{"href":"https:\/\/hier-luebeck.de\/index.php\/wp-json\/wp\/v2\/posts\/30679","targetHints":{"allow":["GET"]}}],"collection":[{"href":"https:\/\/hier-luebeck.de\/index.php\/wp-json\/wp\/v2\/posts"}],"about":[{"href":"https:\/\/hier-luebeck.de\/index.php\/wp-json\/wp\/v2\/types\/post"}],"author":[{"embeddable":true,"href":"https:\/\/hier-luebeck.de\/index.php\/wp-json\/wp\/v2\/users\/3"}],"replies":[{"embeddable":true,"href":"https:\/\/hier-luebeck.de\/index.php\/wp-json\/wp\/v2\/comments?post=30679"}],"version-history":[{"count":0,"href":"https:\/\/hier-luebeck.de\/index.php\/wp-json\/wp\/v2\/posts\/30679\/revisions"}],"wp:attachment":[{"href":"https:\/\/hier-luebeck.de\/index.php\/wp-json\/wp\/v2\/media?parent=30679"}],"wp:term":[{"taxonomy":"category","embeddable":true,"href":"https:\/\/hier-luebeck.de\/index.php\/wp-json\/wp\/v2\/categories?post=30679"},{"taxonomy":"post_tag","embeddable":true,"href":"https:\/\/hier-luebeck.de\/index.php\/wp-json\/wp\/v2\/tags?post=30679"}],"curies":[{"name":"wp","href":"https:\/\/api.w.org\/{rel}","templated":true}]}}