{"id":30720,"date":"2011-03-28T14:01:32","date_gmt":"2011-03-28T12:01:32","guid":{"rendered":"http:\/\/www.hier-luebeck.de\/?p=30720"},"modified":"2011-03-28T14:01:32","modified_gmt":"2011-03-28T12:01:32","slug":"schleswig-holstein-ruckt-naher-an-den-aquator-heran-neue-amtliche-koordinaten","status":"publish","type":"post","link":"https:\/\/hier-luebeck.de\/index.php\/schleswig-holstein-ruckt-naher-an-den-aquator-heran-neue-amtliche-koordinaten\/","title":{"rendered":"Schleswig-Holstein r\u00fcckt n\u00e4her an den \u00c4quator heran &#8211; Neue amtliche Koordinaten"},"content":{"rendered":"<p>Schleswig-Holstein wandert nach S\u00fcden und kommt dem \u00c4quator etwa zwei Kilometer n\u00e4her, &#8211; allerdings nur auf dem Papier. Grund daf\u00fcr ist nicht die Klimaerw\u00e4rmung oder gar eine tektonische Verschiebung, Ursache ist allein die \u00c4nderung des amtlichen Koordinatensystems.<!--more--><\/p>\n<p>Mehr als 20 Jahre nach der Wiedervereinigung der beiden deutschen Staaten f\u00fchren die Vermessungsverwaltungen der L\u00e4nder ein deutschland- und europaweit einheitliches Koordinatensystem f\u00fcr die Flurkarten des Liegenschaftskatasters und die topographischen Karten der Landesvermessung ein.<\/p>\n<p>Die bislang in Schleswig-Holstein \u00fcbliche Gau\u00df-Kr\u00fcger-Abbildung der gekr\u00fcmmten Erdoberfl\u00e4che in die ebenen Karten wird abgel\u00f6st durch eine (universale, transversale) Mercatorprojektion (UTM), die sich auf das Europ\u00e4ische terrestrische Referenzsystem 1989 (ETRS89) st\u00fctzt.<\/p>\n<p>Der Hochwert der neuen UTM-Koordinaten bezieht sich wie bisher auf den \u00c4quator. Durch die ge\u00e4nderte mathematische Umrechnung wird er jedoch kleiner. Dadurch verringert sich koordinatenm\u00e4\u00dfig der Abstand Schleswig-Holsteins zum \u00c4quator. In der Realit\u00e4t \u00e4ndert sich dabei nichts. Entfernungen und Reisezeiten bleiben ebenso erhalten wie das Wetter.<\/p>\n<p>Der Vorteil der Umstellung liegt darin, dass im neuen UTM-Koordinatensystem k\u00fcnftig auch die Grenzen der Bundesl\u00e4nder und der europ\u00e4ischen Staaten nahtlos zusammenpassen. Au\u00dferdem beziehen sich die zur Vermessung genutzten Satelliten, dazu z\u00e4hlt k\u00fcnftig auch das europ\u00e4ische Galileo-System, auf ETRS89, so dass die von den amtlichen Vermessungsstellen herausgegebenen Koordinaten ohne weitere Umrechnung bei der Satellitenvermessung und der Navigation genutzt werden k\u00f6nnen.<\/p>\n<p>Die Umstellung f\u00e4llt in Schleswig-Holstein zeitlich zusammen mit einer Umstellung der digitalen Flurkarten und des Buchnachweises der fr\u00fcheren Kataster\u00e4mter auf ein neues System. Flurkarten und B\u00fccher werden im bundesweit einheitlichen Amtlichen Liegenschaftskataster-Informationssystem (ALKIS) zusammengefasst.<\/p>\n<p>Die landesweite Umstellung nach ALKIS beginnt Anfang April 2011 im ehemaligen Katasteramt L\u00fcbeck (jetzt Abteilung 4 des Landesamtes f\u00fcr Vermessung und Geoinformation Schleswig-Holstein) und wird im Juli dieses Jahres in Ostholstein abgeschlossen. B\u00fcrgerinnen und B\u00fcrger, Notarinnen und Notare und alle anderen Nutzer k\u00f6nnen auch in der Umstellungsphase Unterlagen des Liegenschaftskatasters f\u00fcr ihre Bauantr\u00e4ge oder f\u00fcr den Kauf oder Verkauf von Grundst\u00fccken erhalten.<\/p>\n","protected":false},"excerpt":{"rendered":"<p>Schleswig-Holstein wandert nach S\u00fcden und kommt dem \u00c4quator etwa zwei Kilometer n\u00e4her, &#8211; allerdings nur auf dem Papier. Grund daf\u00fcr<\/p>\n","protected":false},"author":3,"featured_media":0,"comment_status":"open","ping_status":"open","sticky":false,"template":"","format":"standard","meta":{"colormag_page_container_layout":"default_layout","colormag_page_sidebar_layout":"default_layout","footnotes":""},"categories":[5],"tags":[],"class_list":["post-30720","post","type-post","status-publish","format-standard","hentry","category-politik-wirtschaft"],"_links":{"self":[{"href":"https:\/\/hier-luebeck.de\/index.php\/wp-json\/wp\/v2\/posts\/30720","targetHints":{"allow":["GET"]}}],"collection":[{"href":"https:\/\/hier-luebeck.de\/index.php\/wp-json\/wp\/v2\/posts"}],"about":[{"href":"https:\/\/hier-luebeck.de\/index.php\/wp-json\/wp\/v2\/types\/post"}],"author":[{"embeddable":true,"href":"https:\/\/hier-luebeck.de\/index.php\/wp-json\/wp\/v2\/users\/3"}],"replies":[{"embeddable":true,"href":"https:\/\/hier-luebeck.de\/index.php\/wp-json\/wp\/v2\/comments?post=30720"}],"version-history":[{"count":0,"href":"https:\/\/hier-luebeck.de\/index.php\/wp-json\/wp\/v2\/posts\/30720\/revisions"}],"wp:attachment":[{"href":"https:\/\/hier-luebeck.de\/index.php\/wp-json\/wp\/v2\/media?parent=30720"}],"wp:term":[{"taxonomy":"category","embeddable":true,"href":"https:\/\/hier-luebeck.de\/index.php\/wp-json\/wp\/v2\/categories?post=30720"},{"taxonomy":"post_tag","embeddable":true,"href":"https:\/\/hier-luebeck.de\/index.php\/wp-json\/wp\/v2\/tags?post=30720"}],"curies":[{"name":"wp","href":"https:\/\/api.w.org\/{rel}","templated":true}]}}