{"id":31460,"date":"2011-04-11T13:13:57","date_gmt":"2011-04-11T11:13:57","guid":{"rendered":"http:\/\/www.hier-luebeck.de\/?p=31460"},"modified":"2011-04-11T13:14:12","modified_gmt":"2011-04-11T11:14:12","slug":"kinderarmut-dunkelziffer-fallt-deutlich-hoher-aus-junge-menschen-leiden-unter-sozialer-ausgrenzung-und-schlechten-bildungschancen","status":"publish","type":"post","link":"https:\/\/hier-luebeck.de\/index.php\/kinderarmut-dunkelziffer-fallt-deutlich-hoher-aus-junge-menschen-leiden-unter-sozialer-ausgrenzung-und-schlechten-bildungschancen\/","title":{"rendered":"Kinderarmut: Dunkelziffer f\u00e4llt deutlich h\u00f6her aus &#8211; Junge Menschen leiden unter sozialer Ausgrenzung und schlechten Bildungschancen"},"content":{"rendered":"<p>Kind: Deutlich mehr junge Menschen in Deutschland leben in Armut (Foto: aboutpixel.de\/Steve_ohne_S) &#8211; Berlin (pte\/11.04.2011\/12:15) &#8211;   \t Als arm werden Kinder und Jugendliche bezeichnet, wenn sie von Hartz IV  leben und j\u00fcnger sind als 15 Jahre. Davon sind in hohem Ma\u00dfe die St\u00e4dte  und Landkreise in den ostdeutschen Bundesl\u00e4ndern betroffen, hei\u00dft es in  einer Analyse der Bertelsmann Stiftung. Hartz IV als Ma\u00df von Armut zu  nehmen schlie\u00dft aber Kinder aus, die in \u00e4rmlichen Verh\u00e4ltnissen  aufwachsen.<!--more-->Die Gruppe von jungen Menschen, die in vergleichbar schwierigen  Verh\u00e4ltnissen leben, ist deutlich gr\u00f6\u00dfer. &#8222;Das ist aber schwer zu  beziffern&#8220;, sagt Petra Klug, Projektmanagerin bei der Bertelsmann  Stiftung in einem Interview mit pressetext. &#8222;Es gibt eine Dunkelziffer  von Personen, die anspruchsberechtigt sind, aber keine Anspr\u00fcche  erheben&#8220;, sagt Klug.<\/p>\n<p><strong>Eltern im Niedriglohnsektor<\/strong><\/p>\n<p>Die  Zahl der Kinder, die knapp \u00fcber der festgelegten Armutsgrenze leben,  ist nicht unerheblich. &#8222;Dies betrifft vor allem Elternteile, die im  Niedriglohnsektor besch\u00e4ftigt oder alleinerziehend sind beziehungsweise  Familien mit vielen Kindern.&#8220; Das Problem der Kinderarmut spitzt sich  mit dem demografischen Wandel zu. Denn die Zahl der j\u00fcngeren Generation  wird deutlich schrumpfen. Laut einer Prognose der Bertelsmann Stiftung  werde die Zahl der Kinder und Jugendlichen im Alter zwischen sechs und  18 Jahren von heute knapp elf Mio. bis 2025 um rund zwei Mio. zur\u00fcck  gehen.<\/p>\n<p>&#8222;Klar ist also, dass jedes Kind so gut es geht gef\u00f6rdert  und unterst\u00fctzt werden muss&#8220;, sagt Klug. Das Aufwachsen in schwierigem  sozialen Umfeld und das Leben in Armut geht mit sozialer Ausgrenzung der  Kinder und schlechten Bildungschancen einher. &#8222;In den Kommunen gibt es  einen gro\u00dfen Handlungsdruck&#8220;, sagt Brigitte Mohn, Vorstandsmitglied der  Bertelsmann Stiftung.<\/p>\n<p><strong>Kaum arme Kinder in Bayern<\/strong><\/p>\n<p>Innerhalb  der Bundesl\u00e4nder gibt es gro\u00dfe Unterschiede. W\u00e4hrend in Berlin und  Bremen mit einer Quote von fast 36 Prozent die \u00e4rmsten Kinder leben, ist  Kinderarmut in Baden-W\u00fcrttemberg und Bayern kaum anzutreffen. In  Schwerin leben die meisten Kinder unterhalb der Armutsgrenze. Die  angespannte Finanzsituation der Kreise, St\u00e4dte und Gemeinden, habe kaum  noch Spielr\u00e4ume f\u00fcr gezielte Hilfen, sagt Mohn.<\/p>\n<p>So sind die  Ausgaben f\u00fcr soziale Leistungen in den Jahren zwischen 2005 und 2010 von  35,4 auf 42,2 Mrd. Euro angestiegen. &#8222;Damit haben die Kommunen die  finanziellen Grenzen zur Verbesserung der sozialen Lage von Kindern und  Jugendlichen erreicht&#8220;, sagte Mohn. Mit einem weiteren Anstieg der  Sozialausgaben drohe vielen Kreisen, St\u00e4dten und Gemeinden die  Schuldenfalle. Dennoch stehen die Kommunen unter Druck, L\u00f6sungen f\u00fcr  dieses schwerwiegende Problem zu finden.<\/p>\n","protected":false},"excerpt":{"rendered":"<p>Kind: Deutlich mehr junge Menschen in Deutschland leben in Armut (Foto: aboutpixel.de\/Steve_ohne_S) &#8211; Berlin (pte\/11.04.2011\/12:15) &#8211; Als arm werden Kinder<\/p>\n","protected":false},"author":3,"featured_media":0,"comment_status":"open","ping_status":"open","sticky":false,"template":"","format":"standard","meta":{"colormag_page_container_layout":"default_layout","colormag_page_sidebar_layout":"default_layout","footnotes":""},"categories":[5],"tags":[],"class_list":["post-31460","post","type-post","status-publish","format-standard","hentry","category-politik-wirtschaft"],"_links":{"self":[{"href":"https:\/\/hier-luebeck.de\/index.php\/wp-json\/wp\/v2\/posts\/31460","targetHints":{"allow":["GET"]}}],"collection":[{"href":"https:\/\/hier-luebeck.de\/index.php\/wp-json\/wp\/v2\/posts"}],"about":[{"href":"https:\/\/hier-luebeck.de\/index.php\/wp-json\/wp\/v2\/types\/post"}],"author":[{"embeddable":true,"href":"https:\/\/hier-luebeck.de\/index.php\/wp-json\/wp\/v2\/users\/3"}],"replies":[{"embeddable":true,"href":"https:\/\/hier-luebeck.de\/index.php\/wp-json\/wp\/v2\/comments?post=31460"}],"version-history":[{"count":0,"href":"https:\/\/hier-luebeck.de\/index.php\/wp-json\/wp\/v2\/posts\/31460\/revisions"}],"wp:attachment":[{"href":"https:\/\/hier-luebeck.de\/index.php\/wp-json\/wp\/v2\/media?parent=31460"}],"wp:term":[{"taxonomy":"category","embeddable":true,"href":"https:\/\/hier-luebeck.de\/index.php\/wp-json\/wp\/v2\/categories?post=31460"},{"taxonomy":"post_tag","embeddable":true,"href":"https:\/\/hier-luebeck.de\/index.php\/wp-json\/wp\/v2\/tags?post=31460"}],"curies":[{"name":"wp","href":"https:\/\/api.w.org\/{rel}","templated":true}]}}