{"id":31518,"date":"2011-04-12T18:06:01","date_gmt":"2011-04-12T16:06:01","guid":{"rendered":"http:\/\/www.hier-luebeck.de\/?p=31518"},"modified":"2011-04-12T18:06:01","modified_gmt":"2011-04-12T16:06:01","slug":"sportverdienstnadeln-verliehen-innenminister-klaus-schlie-wurdigt-ehrenamtliches-engagement-im-sportverein","status":"publish","type":"post","link":"https:\/\/hier-luebeck.de\/index.php\/sportverdienstnadeln-verliehen-innenminister-klaus-schlie-wurdigt-ehrenamtliches-engagement-im-sportverein\/","title":{"rendered":"Sportverdienstnadeln verliehen: Innenminister Klaus Schlie w\u00fcrdigt ehrenamtliches Engagement im Sportverein"},"content":{"rendered":"<p>In Vertretung von Ministerpr\u00e4sident Peter Harry Carstensen hat Innenminister Klaus Schlie heute (12. April) in Kiel 17 engagierte Frauen und M\u00e4nner mit der Sportverdienstnadel des Landes ausgezeichnet. Er w\u00fcrdigte die Verdienste der Schleswig-Holsteiner, die sich seit vielen Jahren f\u00fcr den Sport im Land verdient gemacht haben. &#8222;&#8220;Ohne Sie gibt es keine Veranstaltung, kein Training, keine Mannschaften, kein Vereinsleben und damit auch kein Sport. Deshalb ehren wir heute Ihre Leistungen&#8220;&#8220;, sagte er zur \u00dcberreichung der Auszeichnungen im Haus B.<!--more--><\/p>\n<p>\u00dcber 830.000 Menschen sind in den fast 2.700 Turn- und Sportvereinen in Schleswig-Holstein aktiv. &#8222;&#8220;Sport gibt es aber nur dann, wenn sich Menschen daf\u00fcr stark machen&#8220;&#8220;, sagte der Minister. Die ausgezeichneten Frauen und M\u00e4nner w\u00fcrden sich in ihren Vereinen seit vielen Jahren als Trainer, Vorstandsmitglied, Helfer, Fach- oder Jugendwart, Betreuer oder Schiedsrichter engagieren. &#8222;&#8220;Herausragende Leistungen verdienen Anerkennung und geh\u00f6ren gew\u00fcrdigt. Das wollen wir heute deutlich machen&#8220;&#8220;, so Schlie.<\/p>\n<p>Die Sportverdienstnadel ist eine Auszeichnung des Landes und wird zum 13. Mal verliehen. Geehrt werden Frauen und M\u00e4nner, die sich ehrenamtlich in Sportvereinen engagieren.<\/p>\n<p>Ausgezeichnet wurde: Martin A\u00dfmann (Winsen\/Niedersachsen \u2013 fr\u00fcher Bargteheide), Dieter Horn (S\u00fcderbrarup), J\u00fcrgen Kirmse (Henstedt-Ulzburg), Lena Kohlmorgen (Probsteierhagen), Hans-J\u00fcrgen Kohrt (Preetz), Claus Kretschmer (Flensburg), Margrit Kunde (Bad Oldesloe), Uwe Lensch (Neum\u00fcnster), Ottmar Liebicher (Kiel), Ingo Mahnke (Ammersbek), Horst Mevius (L\u00fcbeck), Thomas Rinken (Trappenkamp), Hanns Schick (Bargfeld-Stegen), Inge Schiemann (St. Michaelisdonn), Gottfried Schmidt (L\u00fcbeck), J\u00fcrgen Seidel (Heide), Klaus Storjohann (M\u00f6nkeberg).<\/p>\n","protected":false},"excerpt":{"rendered":"<p>In Vertretung von Ministerpr\u00e4sident Peter Harry Carstensen hat Innenminister Klaus Schlie heute (12. April) in Kiel 17 engagierte Frauen und<\/p>\n","protected":false},"author":3,"featured_media":0,"comment_status":"open","ping_status":"open","sticky":false,"template":"","format":"standard","meta":{"colormag_page_container_layout":"default_layout","colormag_page_sidebar_layout":"default_layout","footnotes":""},"categories":[5],"tags":[],"class_list":["post-31518","post","type-post","status-publish","format-standard","hentry","category-politik-wirtschaft"],"_links":{"self":[{"href":"https:\/\/hier-luebeck.de\/index.php\/wp-json\/wp\/v2\/posts\/31518","targetHints":{"allow":["GET"]}}],"collection":[{"href":"https:\/\/hier-luebeck.de\/index.php\/wp-json\/wp\/v2\/posts"}],"about":[{"href":"https:\/\/hier-luebeck.de\/index.php\/wp-json\/wp\/v2\/types\/post"}],"author":[{"embeddable":true,"href":"https:\/\/hier-luebeck.de\/index.php\/wp-json\/wp\/v2\/users\/3"}],"replies":[{"embeddable":true,"href":"https:\/\/hier-luebeck.de\/index.php\/wp-json\/wp\/v2\/comments?post=31518"}],"version-history":[{"count":0,"href":"https:\/\/hier-luebeck.de\/index.php\/wp-json\/wp\/v2\/posts\/31518\/revisions"}],"wp:attachment":[{"href":"https:\/\/hier-luebeck.de\/index.php\/wp-json\/wp\/v2\/media?parent=31518"}],"wp:term":[{"taxonomy":"category","embeddable":true,"href":"https:\/\/hier-luebeck.de\/index.php\/wp-json\/wp\/v2\/categories?post=31518"},{"taxonomy":"post_tag","embeddable":true,"href":"https:\/\/hier-luebeck.de\/index.php\/wp-json\/wp\/v2\/tags?post=31518"}],"curies":[{"name":"wp","href":"https:\/\/api.w.org\/{rel}","templated":true}]}}