{"id":31524,"date":"2011-04-12T18:12:22","date_gmt":"2011-04-12T16:12:22","guid":{"rendered":"http:\/\/www.hier-luebeck.de\/?p=31524"},"modified":"2011-04-12T18:12:22","modified_gmt":"2011-04-12T16:12:22","slug":"ernst-barlachs-autobiografie-auf-platt","status":"publish","type":"post","link":"https:\/\/hier-luebeck.de\/index.php\/ernst-barlachs-autobiografie-auf-platt\/","title":{"rendered":"Ernst Barlachs Autobiografie auf Platt"},"content":{"rendered":"<p>Horst G\u00e4dert liest aus \u201eEen s\u00fclvst vertelltes Leven\u201c im Grass-Haus am 21. April<\/p>\n<p>Zehn Jahre vor seinem Tod legte der deutsche Bildhauer, Grafiker und Dichter Ernst Barlach beim Verlag Bruno Cassirer in Berlin seine Autobiografie unter dem Titel \u201eEin selbsterz\u00e4hltes Leben\u201c vor. 83 Abbildungen illustrieren das Buch des vielseitigen K\u00fcnstlers.<!--more--> Der L\u00fcbecker \u201ePlattschriever\u201c Horst G\u00e4dert hat Barlachs Werk jetzt ins Plattdeutsche \u00fcbersetzt und liest erstmalig am Donnerstag, 21. April, um 19 Uhr im G\u00fcnter Grass-Haus daraus vor. Die Lesung findet im Rahmen der Ausstellung Mythos und Zukunftstraum. Texte und Bilder von Ernst Barlach statt.<\/p>\n<p>Der Eintritt kostet acht, erm\u00e4\u00dfigt vier Euro.<\/p>\n","protected":false},"excerpt":{"rendered":"<p>Horst G\u00e4dert liest aus \u201eEen s\u00fclvst vertelltes Leven\u201c im Grass-Haus am 21. April Zehn Jahre vor seinem Tod legte der<\/p>\n","protected":false},"author":3,"featured_media":0,"comment_status":"open","ping_status":"open","sticky":false,"template":"","format":"standard","meta":{"colormag_page_container_layout":"default_layout","colormag_page_sidebar_layout":"default_layout","footnotes":""},"categories":[13],"tags":[],"class_list":["post-31524","post","type-post","status-publish","format-standard","hentry","category-veranstaltungen"],"_links":{"self":[{"href":"https:\/\/hier-luebeck.de\/index.php\/wp-json\/wp\/v2\/posts\/31524","targetHints":{"allow":["GET"]}}],"collection":[{"href":"https:\/\/hier-luebeck.de\/index.php\/wp-json\/wp\/v2\/posts"}],"about":[{"href":"https:\/\/hier-luebeck.de\/index.php\/wp-json\/wp\/v2\/types\/post"}],"author":[{"embeddable":true,"href":"https:\/\/hier-luebeck.de\/index.php\/wp-json\/wp\/v2\/users\/3"}],"replies":[{"embeddable":true,"href":"https:\/\/hier-luebeck.de\/index.php\/wp-json\/wp\/v2\/comments?post=31524"}],"version-history":[{"count":0,"href":"https:\/\/hier-luebeck.de\/index.php\/wp-json\/wp\/v2\/posts\/31524\/revisions"}],"wp:attachment":[{"href":"https:\/\/hier-luebeck.de\/index.php\/wp-json\/wp\/v2\/media?parent=31524"}],"wp:term":[{"taxonomy":"category","embeddable":true,"href":"https:\/\/hier-luebeck.de\/index.php\/wp-json\/wp\/v2\/categories?post=31524"},{"taxonomy":"post_tag","embeddable":true,"href":"https:\/\/hier-luebeck.de\/index.php\/wp-json\/wp\/v2\/tags?post=31524"}],"curies":[{"name":"wp","href":"https:\/\/api.w.org\/{rel}","templated":true}]}}