{"id":31526,"date":"2011-04-12T18:17:06","date_gmt":"2011-04-12T16:17:06","guid":{"rendered":"http:\/\/www.hier-luebeck.de\/?p=31526"},"modified":"2011-04-12T18:17:06","modified_gmt":"2011-04-12T16:17:06","slug":"pol-hl-hl-st-jurgen-kronsforder-allee-dna-spur-fuhrte-zum-tatverdachtigen","status":"publish","type":"post","link":"https:\/\/hier-luebeck.de\/index.php\/pol-hl-hl-st-jurgen-kronsforder-allee-dna-spur-fuhrte-zum-tatverdachtigen\/","title":{"rendered":"POL-HL: HL-St. J\u00fcrgen-Kronsforder Allee \/ DNA-Spur f\u00fchrte zum Tatverd\u00e4chtigen"},"content":{"rendered":"<p><a rel=\"attachment wp-att-10985\" href=\"http:\/\/www.hier-luebeck.de\/2010\/02\/pol-hl-hl-st-jurgen-rotloscherstrase-polizei-nimmt-einbrecher-fest\/funkstreifers-13\/\"><img loading=\"lazy\" decoding=\"async\" class=\"alignleft size-full wp-image-10985\" title=\"FunkstreifeRS\" src=\"http:\/\/www.hier-luebeck.de\/wp-content\/uploads\/2010\/02\/FunkstreifeRS6.JPG\" alt=\"\" width=\"220\" height=\"165\" \/><\/a>L\u00fcbeck (ots) &#8211; Mitte Oktober 2010 kam es in der Kronsforder Allee zu einer schweren Raubtat. Ein 56-j\u00e4hriger wollte gegen 22.30 Uhr die Haust\u00fcr aufschlie\u00dfen, als er von drei T\u00e4tern \u00fcberfallen wurde. Ein T\u00e4ter w\u00fcrgte und riss ihn zu Boden.<!--more--> Auf dem Boden liegend traten die T\u00e4ter mit den Schuhen auf ihn ein. Anschlie\u00dfend raubten sie seine Geldb\u00f6rse mit 10 Euro Inhalt. Der Mann musste mit erheblichen Verletzungen im Gesichtsbereich im Krankenhaus behandelt werden.<\/p>\n<p>Die sofort eingeleitete Fahndung nach den T\u00e4tern verlief in der Nacht ohne Erfolg. Allerdings konnten die aufmerksamen Beamten in Tatortn\u00e4he ein Basecap auffinden, welches offenbar von einem der T\u00e4ter getragen wurde.<\/p>\n<p>Im Weiteren wurden an diesem sichergestellten Cap DNA-Spuren gesichert und untersucht.  Diese Spur f\u00fchrte dann zu einem 18-j\u00e4hrigen Tatverd\u00e4chtigen aus L\u00fcbeck. Er wurde zwischenzeitlich zur Tat vernommen und ist gest\u00e4ndig. Die Namen der Komplizen will er allerdings nicht nennen. Hier liegt nun der Schwerpunkt der weiteren Ermittlungen.<\/p>\n","protected":false},"excerpt":{"rendered":"<p>L\u00fcbeck (ots) &#8211; Mitte Oktober 2010 kam es in der Kronsforder Allee zu einer schweren Raubtat. Ein 56-j\u00e4hriger wollte gegen<\/p>\n","protected":false},"author":3,"featured_media":0,"comment_status":"open","ping_status":"open","sticky":false,"template":"","format":"standard","meta":{"colormag_page_container_layout":"default_layout","colormag_page_sidebar_layout":"default_layout","footnotes":""},"categories":[20],"tags":[],"class_list":["post-31526","post","type-post","status-publish","format-standard","hentry","category-besondere-neuigkeiten"],"_links":{"self":[{"href":"https:\/\/hier-luebeck.de\/index.php\/wp-json\/wp\/v2\/posts\/31526","targetHints":{"allow":["GET"]}}],"collection":[{"href":"https:\/\/hier-luebeck.de\/index.php\/wp-json\/wp\/v2\/posts"}],"about":[{"href":"https:\/\/hier-luebeck.de\/index.php\/wp-json\/wp\/v2\/types\/post"}],"author":[{"embeddable":true,"href":"https:\/\/hier-luebeck.de\/index.php\/wp-json\/wp\/v2\/users\/3"}],"replies":[{"embeddable":true,"href":"https:\/\/hier-luebeck.de\/index.php\/wp-json\/wp\/v2\/comments?post=31526"}],"version-history":[{"count":0,"href":"https:\/\/hier-luebeck.de\/index.php\/wp-json\/wp\/v2\/posts\/31526\/revisions"}],"wp:attachment":[{"href":"https:\/\/hier-luebeck.de\/index.php\/wp-json\/wp\/v2\/media?parent=31526"}],"wp:term":[{"taxonomy":"category","embeddable":true,"href":"https:\/\/hier-luebeck.de\/index.php\/wp-json\/wp\/v2\/categories?post=31526"},{"taxonomy":"post_tag","embeddable":true,"href":"https:\/\/hier-luebeck.de\/index.php\/wp-json\/wp\/v2\/tags?post=31526"}],"curies":[{"name":"wp","href":"https:\/\/api.w.org\/{rel}","templated":true}]}}