{"id":31529,"date":"2011-04-12T18:23:06","date_gmt":"2011-04-12T16:23:06","guid":{"rendered":"http:\/\/www.hier-luebeck.de\/?p=31529"},"modified":"2011-04-12T18:23:06","modified_gmt":"2011-04-12T16:23:06","slug":"burgerschaftssitzung-litt-unter-fuhrungsschwache","status":"publish","type":"post","link":"https:\/\/hier-luebeck.de\/index.php\/burgerschaftssitzung-litt-unter-fuhrungsschwache\/","title":{"rendered":"B\u00fcrgerschaftssitzung litt unter F\u00fchrungsschw\u00e4che"},"content":{"rendered":"<p>(TBF) Turbulent ging es am Donnerstag in der L\u00fcbecker B\u00fcrgerschaft zu. Nach einer Auseinandersetzung zwischen CDU-Fraktionschef Andreas Zander und Antje Jansen, Fraktionschefin der Linken, verlie\u00dfen regelm\u00e4\u00dfig die Mitglieder von SPD, Linken und Gr\u00fcnen den Saal.  Der Stadtpr\u00e4sidentin wird vorgeworfen, nicht neutral zu sein und keine F\u00fchrungsqualit\u00e4t gezeigt zu haben . <!--more--><\/p>\n<p>Die letzte Sitzung der B\u00fcrgerschaft war nicht gerade von demokratischem Geist gepr\u00e4gt. St\u00e4ndige Zwischenrufe des SPD-Fraktionsvorsitzenden Peter Reinhardt wurden, von der Stadtpr\u00e4sidentin Frau Gabriele Schopenhauer, nicht ger\u00fcgt. V\u00f6llig aus dem Ruder lief die Sitzung nach einem Redebeitrag von der Fraktionschefin der Linken, Frau Antje Jansen, zum Thema \u201eGrenzmuseum in Schlutup\u201c. In ihrer Rede verharmloste sie die Geschehnisse an der deutsch-deutschen Grenze bist zur Unertr\u00e4glichkeit mit den Worten (&#8222;es gibt unterschiedliche Auffassungen und Meinungen zu den Geschehnissen an der Grenze.\u201c  Und bewies einmal mehr, dass die Linken mit ihrer Vergangenheitsbew\u00e4ltigung noch l\u00e4ngst nicht abgeschlossen haben.<\/p>\n<p>Auf einen Ordnungsruf der Stadtpr\u00e4sidentin wartete man traurigerweise vergebens.<\/p>\n<p>Auf diese Aussage reagierte der CDU-Fraktionsvorsitzende Andreas Zander emp\u00f6rt und wies die Verharmlosung zur\u00fcck und sagte zu Antje Jansen, er w\u00e4re geneigt zu sagen: Sie sei eine Schande f\u00fcr die B\u00fcrgerschaft. Diese Reaktion von Zander ist nachvollziehbar. V\u00f6llig unverst\u00e4ndlich bleibt, dass die Stadtpr\u00e4sidentin Frau Jansen wegen ihrer Aussage nicht ger\u00fcgt hat, aber wegen Zander den \u00c4ltestenrat einberief.<\/p>\n<p>Danach lief der Stadtpr\u00e4sidentin die Sitzungsf\u00fchrung v\u00f6llig aus dem Ruder. Sie lie\u00df zu, dass SPD, Linke und Gr\u00fcne jedes Mal den Saal verlie\u00dfen, wenn Zander ans Rednerpult trat. Dieses ordnungswidrige Verhalten wurde von ihr nicht ger\u00fcgt Im Gegenteil, mit der Abstimmung wartete sie, bis alle wieder im Saal waren.<\/p>\n<p>Warum riss Stadtpr\u00e4sidentin Schopenhauer nicht die Z\u00fcgel an sich, und rief ihrer Pflicht entsprechend, auch ihre eigenen Parteigenossen zur R\u00e4son. Das bleibt alleine ihr Geheimnis. Sie zeigte in dieser angespannten Lage keine F\u00fchrungsqualit\u00e4t! Ganz zu schweigen von ihrer sehr fragw\u00fcrdigen Art Abstimmungen zu Antr\u00e4gen so lange hinauszuz\u00f6gern bis Rot-Rot-Gr\u00fcn wieder im Saal waren.<\/p>\n<p>Diese Art von Parteilichkeit hat es in der B\u00fcrgerschaft noch nicht gegeben.<\/p>\n","protected":false},"excerpt":{"rendered":"<p>(TBF) Turbulent ging es am Donnerstag in der L\u00fcbecker B\u00fcrgerschaft zu. Nach einer Auseinandersetzung zwischen CDU-Fraktionschef Andreas Zander und Antje<\/p>\n","protected":false},"author":3,"featured_media":0,"comment_status":"open","ping_status":"open","sticky":false,"template":"","format":"standard","meta":{"colormag_page_container_layout":"default_layout","colormag_page_sidebar_layout":"default_layout","footnotes":""},"categories":[5],"tags":[],"class_list":["post-31529","post","type-post","status-publish","format-standard","hentry","category-politik-wirtschaft"],"_links":{"self":[{"href":"https:\/\/hier-luebeck.de\/index.php\/wp-json\/wp\/v2\/posts\/31529","targetHints":{"allow":["GET"]}}],"collection":[{"href":"https:\/\/hier-luebeck.de\/index.php\/wp-json\/wp\/v2\/posts"}],"about":[{"href":"https:\/\/hier-luebeck.de\/index.php\/wp-json\/wp\/v2\/types\/post"}],"author":[{"embeddable":true,"href":"https:\/\/hier-luebeck.de\/index.php\/wp-json\/wp\/v2\/users\/3"}],"replies":[{"embeddable":true,"href":"https:\/\/hier-luebeck.de\/index.php\/wp-json\/wp\/v2\/comments?post=31529"}],"version-history":[{"count":0,"href":"https:\/\/hier-luebeck.de\/index.php\/wp-json\/wp\/v2\/posts\/31529\/revisions"}],"wp:attachment":[{"href":"https:\/\/hier-luebeck.de\/index.php\/wp-json\/wp\/v2\/media?parent=31529"}],"wp:term":[{"taxonomy":"category","embeddable":true,"href":"https:\/\/hier-luebeck.de\/index.php\/wp-json\/wp\/v2\/categories?post=31529"},{"taxonomy":"post_tag","embeddable":true,"href":"https:\/\/hier-luebeck.de\/index.php\/wp-json\/wp\/v2\/tags?post=31529"}],"curies":[{"name":"wp","href":"https:\/\/api.w.org\/{rel}","templated":true}]}}