{"id":31538,"date":"2011-04-13T09:14:27","date_gmt":"2011-04-13T07:14:27","guid":{"rendered":"http:\/\/www.hier-luebeck.de\/?p=31538"},"modified":"2011-04-13T09:14:27","modified_gmt":"2011-04-13T07:14:27","slug":"bundesstrase-76-neue-brucke-wird-freigegeben","status":"publish","type":"post","link":"https:\/\/hier-luebeck.de\/index.php\/bundesstrase-76-neue-brucke-wird-freigegeben\/","title":{"rendered":"Bundesstra\u00dfe 76: Neue Br\u00fccke wird freigegeben"},"content":{"rendered":"<p>Neue Br\u00fccke \u00fcber Kleinbahn in Kiel zwischen Gaarden-S\u00fcd und Elmschenhagen wird f\u00fcr Verkehr Richtung L\u00fcbeck freigegeben<\/p>\n<p>Entlastung f\u00fcr die Pendler auf der Bundesstra\u00dfe 76 (B 76) zwischen Kiel und Preetz: Nach rund einj\u00e4hriger Bauzeit an der neuen Br\u00fccke \u00fcber die Kleinbahn zwischen Gaarden-S\u00fcd und Elmschenhagen wurde am 13. April zum Berufsverkehr der Verkehr in Richtung Preetz \/ L\u00fcbeck von der Behelfsbr\u00fccke auf den Neubau verlegt.<!--more--><\/p>\n<p>\u201e&#8220;Die andere H\u00e4lfte des Nadel\u00f6hrs, das w\u00e4hrend der letzten zw\u00f6lf Monate insbesondere den Fr\u00fch- und Feierabend-Verkehr ins Stocken brachte, werden wir nach letzten Asphaltierungsarbeiten voraussichtlich am 27. April beseitigen&#8220;\u201c, k\u00fcndigte Verkehrs-Staatssekret\u00e4rin Dr. Tamara Zieschang bei einem Besuch des Landesbetriebs Stra\u00dfenbau und Verkehr (LBV-SH) in Rendsburg an. Die Gesamtkosten f\u00fcr den Streckenausbau auf diesem Abschnitt betragen rund vier Millionen Euro.<\/p>\n<p>Wie der zust\u00e4ndige LBV-SH-Niederlassungsleiter Matthias Paraknewitz erl\u00e4uterte, sei auch nach Freigabe der Spur in Richtung L\u00fcbeck noch mit einigen Verkehrseinschr\u00e4nkungen zu rechnen. Dazu z\u00e4hlt die Sperrung des n\u00f6rdlichen Radweges im Zuge der B 76 und eine n\u00e4chtliche Vollsperrung der B 76 stadteinw\u00e4rts f\u00fcr sechs Stunden f\u00fcr die Montage einer neuen Verkehrszeichen-<br \/>\nbr\u00fccke. In der letzten Bauphase von Ende April bis Ende August werde die Behelfsbr\u00fccke dann demontiert, die Stra\u00dfend\u00e4mme beseitigt und die Stra\u00dfenanschl\u00fcsse wieder hergestellt. \u201e&#8220;Im Ergebnis wird damit nicht nur die alte Br\u00fccke ersetzt, sondern auch die Verkehrsf\u00fchrung optimiert, weil die B 76 im Vergleich zur urspr\u00fcnglichen Verkehrsf\u00fchrung verl\u00e4ngerte Einf\u00e4delungsstreifen erh\u00e4lt&#8220;\u201c, so Zieschang.<\/p>\n<p>Die aus dem Jahr 1970 stammende Br\u00fccke musste auf Grund von Betonsch\u00e4den durch ein neues Bauwerk ersetzt werden. Um die Bauphase zu \u00fcberbr\u00fccken, war im April 2010 eine Behelfsbr\u00fccke mit provisorischer Umfahrung der Baustelle errichtet worden. Nach den Worten von Paraknewitz wurden f\u00fcr die Herstellung der neuen Br\u00fccke einschlie\u00dflich der Anschlussstrecke 2.000 Kubikmeter Beton und 370 Tonnen Stahl verbaut. \u201e&#8220;Dar\u00fcber hinaus wurden fast 30.000 Kubikmeter Boden bewegt und 10.000 Quadratmeter Asphalt hergestellt&#8220;\u201c, so Paraknewitz. Die Gesamtfertigstellung des Bauprojekts ist f\u00fcr den 31. August geplant.<\/p>\n","protected":false},"excerpt":{"rendered":"<p>Neue Br\u00fccke \u00fcber Kleinbahn in Kiel zwischen Gaarden-S\u00fcd und Elmschenhagen wird f\u00fcr Verkehr Richtung L\u00fcbeck freigegeben Entlastung f\u00fcr die Pendler<\/p>\n","protected":false},"author":3,"featured_media":0,"comment_status":"open","ping_status":"open","sticky":false,"template":"","format":"standard","meta":{"colormag_page_container_layout":"default_layout","colormag_page_sidebar_layout":"default_layout","footnotes":""},"categories":[5],"tags":[],"class_list":["post-31538","post","type-post","status-publish","format-standard","hentry","category-politik-wirtschaft"],"_links":{"self":[{"href":"https:\/\/hier-luebeck.de\/index.php\/wp-json\/wp\/v2\/posts\/31538","targetHints":{"allow":["GET"]}}],"collection":[{"href":"https:\/\/hier-luebeck.de\/index.php\/wp-json\/wp\/v2\/posts"}],"about":[{"href":"https:\/\/hier-luebeck.de\/index.php\/wp-json\/wp\/v2\/types\/post"}],"author":[{"embeddable":true,"href":"https:\/\/hier-luebeck.de\/index.php\/wp-json\/wp\/v2\/users\/3"}],"replies":[{"embeddable":true,"href":"https:\/\/hier-luebeck.de\/index.php\/wp-json\/wp\/v2\/comments?post=31538"}],"version-history":[{"count":0,"href":"https:\/\/hier-luebeck.de\/index.php\/wp-json\/wp\/v2\/posts\/31538\/revisions"}],"wp:attachment":[{"href":"https:\/\/hier-luebeck.de\/index.php\/wp-json\/wp\/v2\/media?parent=31538"}],"wp:term":[{"taxonomy":"category","embeddable":true,"href":"https:\/\/hier-luebeck.de\/index.php\/wp-json\/wp\/v2\/categories?post=31538"},{"taxonomy":"post_tag","embeddable":true,"href":"https:\/\/hier-luebeck.de\/index.php\/wp-json\/wp\/v2\/tags?post=31538"}],"curies":[{"name":"wp","href":"https:\/\/api.w.org\/{rel}","templated":true}]}}