{"id":31570,"date":"2011-04-13T14:55:13","date_gmt":"2011-04-13T12:55:13","guid":{"rendered":"http:\/\/www.hier-luebeck.de\/?p=31570"},"modified":"2011-04-13T14:55:13","modified_gmt":"2011-04-13T12:55:13","slug":"geanderte-offnungszeiten-der-stadtverwaltung-an-ostern","status":"publish","type":"post","link":"https:\/\/hier-luebeck.de\/index.php\/geanderte-offnungszeiten-der-stadtverwaltung-an-ostern\/","title":{"rendered":"Ge\u00e4nderte \u00d6ffnungszeiten der Stadtverwaltung an Ostern"},"content":{"rendered":"<p>Alle Termine auf einen Blick \u2013 Wochenm\u00e4rkte und M\u00fcllabfuhr verschoben<\/p>\n<p>Wegen der bevorstehenden Osterfeiertage 2011 weist die L\u00fcbecker Stadtverwaltung auf folgende \u00c4nderungen hin:<\/p>\n<p>M\u00fcllabfuhr: Die Abfuhrtermine der Restabfall-, Bio und Papiertonnen verschieben sich an den Osterfeiertagen (Karfreitag und Ostermontag). Die Abfuhren an den unten genannten Feiertagen erfolgen einen Tag fr\u00fcher oder sp\u00e4ter.<!--more--> Es ist zu beachten, dass der Karfreitag vorgezogen wird und auch die Montagsabfuhr (18. April 2011) findet bereits am Sonnabend (16. April 2011) statt. Der Ostermontag (25. April 2011) wird nachgeholt und die Abholungen erfolgen in der Woche einen Tag sp\u00e4ter.<\/p>\n<p>Die Feiertagsabfuhren sind im g\u00fcltigen Abfuhrplan (4. April 2011) bereits mit eingearbeitet.<\/p>\n<p>Wegen Karfreitag, 22. April 2011, werden die Abfuhren vorgezogen am:<\/p>\n<p>Montag, 18. April, auf Sonnabend, 16. April 2011<br \/>\nDienstag, 19. April, auf Montag 18. April 2011<br \/>\nMittwoch,20. April, auf Dienstag, 19. April<br \/>\nDonnerstag, 21. April, auf Mittwoch, 20. April<br \/>\nFreitag, 22. April, auf Donnerstag, 21. April<\/p>\n<p>Wegen Ostermontag, 25. April 2011, verschieben sich die Abfuhren auf:<\/p>\n<p>Montag, 25. April, auf Dienstag, 26. April<br \/>\nDienstag, 26. April, auf Mittwoch, 27. April<br \/>\nMittwoch, 27. April, auf Donnerstag, 28. April<br \/>\nDonnerstag, 28. April, auf Freitag, 29. April<br \/>\nFreitag, 29. April, auf Sonnabend, 30. April<\/p>\n<p>Es ist darauf zu achten, dass die Abfallbeh\u00e4lter (Restabfall- und Biotonnen) am ver\u00e4nderten Abfuhrtag den Mitarbeitern der Stadtreinigung L\u00fcbeck ab 6 Uhr zug\u00e4nglich gemacht werden. Die Papiertonnen m\u00fcssen zur Abholung den Mitarbeitern bereitgestellt werden.<\/p>\n<p>Museen: Alle L\u00fcbecker Museen haben von Karfreitag bis Ostersonntag von 10 bis 17 Uhr ge\u00f6ffnet, am Ostermontag sind bis auf das Buddenbrookhaus, das Holstentor, das G\u00fcnther-Grass-Haus und die Geschichtswerkstatt in Herrenwyk alle Museen geschlossen.<\/p>\n<p>VHS: Die Gesch\u00e4ftsstelle der VHS, H\u00fcxstra\u00dfe. 118-120, und die Au\u00dfenstelle der VHS, Schwartauer Allee 44\/44 A, haben w\u00e4hrend der Osterferien vom 15. bis 30. April geschlossen.<\/p>\n<p>Seniorenbeirat: Die Gesch\u00e4ftsstelle des Seniorenbeirates bleibt vom 20. bis 29. April geschlossen.<\/p>\n<p>Friedh\u00f6fe: Die Friedh\u00f6fe sind wie gewohnt zu besuchen, die Gesch\u00e4ftsstelle ist allerdings aufgrund der Feiertage geschlossen.<\/p>\n<p>Stadtbibliothek: Alle Einrichtungen der L\u00fcbecker Stadtbibliothek L\u00fcbeck (Zentralbibliothek und Stadtteilbibliotheken) sind von Karfreitag bis einschlie\u00dflich Ostermontag geschlossen. Die Schlie\u00dfungstage wurden bei den Leihfristen ber\u00fccksichtigt, so dass dadurch keine S\u00e4umnisgeb\u00fchren entstehen k\u00f6nnen.<\/p>\n<p>Passat: Der Passat kann von Karfreitag bis Ostermontag wie gewohnt von 11 bis 16.30 Uhr besichtigt werden.<\/p>\n<p>Wochenm\u00e4rkte: Die Wochenm\u00e4rkte vom Karfreitag werden auf den 21. April 2010 vorverlegt. Die vorverlegten M\u00e4rkte, sowie die M\u00e4rkte am 23. April 2010 finden zu den gewohnten Zeiten statt. Ostermontag findet kein Wochenmarkt statt.<\/p>\n<p>Welcome Center (L\u00fcbeck\/Travem\u00fcnde):<\/p>\n<p>Am Karfreitag sowie Ostersonntag und Ostermontag hat das Welcome Center L\u00fcbeck (Holstentorplatz 1) in der Zeit von 10 bis 14 Uhr ge\u00f6ffnet. Am Sonnabend, 23. April, von10 bis 15 Uhr. Die Caf\u00e9 Bar im Welcome Center L\u00fcbeck hat von Karfreitag bis Ostermontag in der Zeit von 10 bis 18 Uhr ge\u00f6ffnet.<\/p>\n<p>Das Welcome-Center in Travem\u00fcnde (Bertlingstra\u00dfe 21 im Strandbahnhof) hat am Karfreitag sowie am Ostersonntag und Ostermontag von11 bis 14 Uhr ge\u00f6ffnet. Am Sonnabend, 23.April hat das Welcome Center in der Zeit von 10 bis 15 Uhr ge\u00f6ffnet.<\/p>\n","protected":false},"excerpt":{"rendered":"<p>Alle Termine auf einen Blick \u2013 Wochenm\u00e4rkte und M\u00fcllabfuhr verschoben Wegen der bevorstehenden Osterfeiertage 2011 weist die L\u00fcbecker Stadtverwaltung auf<\/p>\n","protected":false},"author":3,"featured_media":0,"comment_status":"open","ping_status":"open","sticky":false,"template":"","format":"standard","meta":{"colormag_page_container_layout":"default_layout","colormag_page_sidebar_layout":"default_layout","footnotes":""},"categories":[14],"tags":[],"class_list":["post-31570","post","type-post","status-publish","format-standard","hentry","category-tipps-informationen"],"_links":{"self":[{"href":"https:\/\/hier-luebeck.de\/index.php\/wp-json\/wp\/v2\/posts\/31570","targetHints":{"allow":["GET"]}}],"collection":[{"href":"https:\/\/hier-luebeck.de\/index.php\/wp-json\/wp\/v2\/posts"}],"about":[{"href":"https:\/\/hier-luebeck.de\/index.php\/wp-json\/wp\/v2\/types\/post"}],"author":[{"embeddable":true,"href":"https:\/\/hier-luebeck.de\/index.php\/wp-json\/wp\/v2\/users\/3"}],"replies":[{"embeddable":true,"href":"https:\/\/hier-luebeck.de\/index.php\/wp-json\/wp\/v2\/comments?post=31570"}],"version-history":[{"count":0,"href":"https:\/\/hier-luebeck.de\/index.php\/wp-json\/wp\/v2\/posts\/31570\/revisions"}],"wp:attachment":[{"href":"https:\/\/hier-luebeck.de\/index.php\/wp-json\/wp\/v2\/media?parent=31570"}],"wp:term":[{"taxonomy":"category","embeddable":true,"href":"https:\/\/hier-luebeck.de\/index.php\/wp-json\/wp\/v2\/categories?post=31570"},{"taxonomy":"post_tag","embeddable":true,"href":"https:\/\/hier-luebeck.de\/index.php\/wp-json\/wp\/v2\/tags?post=31570"}],"curies":[{"name":"wp","href":"https:\/\/api.w.org\/{rel}","templated":true}]}}