{"id":31578,"date":"2011-04-13T14:59:57","date_gmt":"2011-04-13T12:59:57","guid":{"rendered":"http:\/\/www.hier-luebeck.de\/?p=31578"},"modified":"2011-04-13T14:59:57","modified_gmt":"2011-04-13T12:59:57","slug":"ausbau-der-b-404-zur-a-21-auf-dem-vormarsch","status":"publish","type":"post","link":"https:\/\/hier-luebeck.de\/index.php\/ausbau-der-b-404-zur-a-21-auf-dem-vormarsch\/","title":{"rendered":"Ausbau der B 404 zur A 21 auf dem Vormarsch"},"content":{"rendered":"<p>Der Ausbau der Bundesstra\u00dfe 404 zur Bundesautobahn 21 kommt gut voran<\/p>\n<p>Dieses Fazit zog Verkehrs-Staatssekret\u00e4rin Dr. Tamara Zieschang am 13. April bei ihrem Besuch der Niederlassung Rendsburg des Landesbetriebs Stra\u00dfenbau und Verkehr (LBV-SH). Nachdem der Ausbau im Abschnitt Kiel-Wellseedamm bis Kiel-Neumeimersdorf zun\u00e4chst nur in Teilen f\u00fcr den Verkehr freigegeben war, ist nun auch die L\u00e4rmschutzwand fertig gestellt.<!--more--> \u201e&#8220;Damit kann nun der Verkehr in beiden Richtungen vierspurig rollen&#8220;\u201c, so Zieschang. Der vierspurige Ausbau der B 404 zwischen Kiel und Stolpe sei im vordringlichen Bedarf des Bundesbedarfplanes enthalten und werde vom Landesbetrieb weiter kontinuierlich umgesetzt.<\/p>\n<p>So werden aktuell die Planfeststellungsunterlagen f\u00fcr den Abschnitt zwischen Nettelsee und Klein Barkau erstellt. \u201e&#8220;Es ist beabsichtigt f\u00fcr diesen Abschnitt zur Jahreswende das Planfeststellungsverfahren einzuleiten&#8220;\u201c, sagte Zieschang. Im Anschluss werden die Planfeststellungsunterlagen f\u00fcr den L\u00fcckenschluss zwischen Klein Barkau und Wellseedamm erarbeitet.<\/p>\n<p>F\u00fcr den Abschnitt von Nettelsee bis Stolpe inklusive Verlegung der Landesstra\u00dfe 49 s\u00fcdlich von Nettelsee wurde im Februar dieses Jahres der Planfeststellungsbeschluss erlassen. Der Bund als Baulasttr\u00e4ger der A 21 hat bereits eine Finanzierungszusage f\u00fcr diesen Abschnitt gegeben. Auch das Land hat die Verlegung der L 49 im Landesverkehrswegeplan ber\u00fccksichtigt und rund 4,3 Millionen Euro bereitgestellt. \u201e&#8220;Dies ist insbesondere vor dem Hintergrund der bundesweit eher geringen Anzahl von Stra\u00dfen-Neubauprojekten sehr positiv zu werten&#8220;\u201c, sagte Zieschang. Nun sei der LBV-SH gefordert, den Baubeginn z\u00fcgig umzusetzen. Als Baubeginn sei der Sp\u00e4therbst 2011 avisiert. Als erste gro\u00dfe Teilma\u00dfnahme werde mit der Wildunterf\u00fchrung im Bereich des Depenauer Moores mit einer Breite von 50 Metern begonnen.<\/p>\n","protected":false},"excerpt":{"rendered":"<p>Der Ausbau der Bundesstra\u00dfe 404 zur Bundesautobahn 21 kommt gut voran Dieses Fazit zog Verkehrs-Staatssekret\u00e4rin Dr. Tamara Zieschang am 13.<\/p>\n","protected":false},"author":3,"featured_media":0,"comment_status":"open","ping_status":"open","sticky":false,"template":"","format":"standard","meta":{"colormag_page_container_layout":"default_layout","colormag_page_sidebar_layout":"default_layout","footnotes":""},"categories":[5],"tags":[],"class_list":["post-31578","post","type-post","status-publish","format-standard","hentry","category-politik-wirtschaft"],"_links":{"self":[{"href":"https:\/\/hier-luebeck.de\/index.php\/wp-json\/wp\/v2\/posts\/31578","targetHints":{"allow":["GET"]}}],"collection":[{"href":"https:\/\/hier-luebeck.de\/index.php\/wp-json\/wp\/v2\/posts"}],"about":[{"href":"https:\/\/hier-luebeck.de\/index.php\/wp-json\/wp\/v2\/types\/post"}],"author":[{"embeddable":true,"href":"https:\/\/hier-luebeck.de\/index.php\/wp-json\/wp\/v2\/users\/3"}],"replies":[{"embeddable":true,"href":"https:\/\/hier-luebeck.de\/index.php\/wp-json\/wp\/v2\/comments?post=31578"}],"version-history":[{"count":0,"href":"https:\/\/hier-luebeck.de\/index.php\/wp-json\/wp\/v2\/posts\/31578\/revisions"}],"wp:attachment":[{"href":"https:\/\/hier-luebeck.de\/index.php\/wp-json\/wp\/v2\/media?parent=31578"}],"wp:term":[{"taxonomy":"category","embeddable":true,"href":"https:\/\/hier-luebeck.de\/index.php\/wp-json\/wp\/v2\/categories?post=31578"},{"taxonomy":"post_tag","embeddable":true,"href":"https:\/\/hier-luebeck.de\/index.php\/wp-json\/wp\/v2\/tags?post=31578"}],"curies":[{"name":"wp","href":"https:\/\/api.w.org\/{rel}","templated":true}]}}