{"id":31584,"date":"2011-04-14T07:28:05","date_gmt":"2011-04-14T05:28:05","guid":{"rendered":"http:\/\/www.hier-luebeck.de\/?p=31584"},"modified":"2011-04-14T07:28:05","modified_gmt":"2011-04-14T05:28:05","slug":"tatort-bundesgartenschau-2011-erleben-sie-mit-krimi-autorin-gabriele-keiser-lesungen-der-besonderen-art","status":"publish","type":"post","link":"https:\/\/hier-luebeck.de\/index.php\/tatort-bundesgartenschau-2011-erleben-sie-mit-krimi-autorin-gabriele-keiser-lesungen-der-besonderen-art\/","title":{"rendered":"Tatort Bundesgartenschau 2011: Erleben Sie mit Krimi-Autorin Gabriele Keiser Lesungen der besonderen Art"},"content":{"rendered":"<p>Die  Bundesgartenschau, die vom 15. April bis zum 16. Oktober 2011 in Koblenz  stattfindet, ist nicht nur f\u00fcr die Fans von Flora und Fauna einen Besuch wert:  Es gibt auch die M\u00f6glichkeit die Bundesgartenschau von ihrer \u201ekriminellen\u201c Seite  zu erleben, denn der neue Kriminalroman <a title=\"http:\/\/www.gmeiner-verlag.de\/programm\/titel\/369-Engelskraut.html\" href=\"http:\/\/www.gmeiner-verlag.de\/programm\/titel\/369-Engelskraut.html\">\u201eEngelskraut\u201c<\/a> der Pf\u00e4lzer Autorin Gabriele Keiser spielt genau dort. Passend dazu bietet die  Autorin mehrere \u00f6ffentliche Lesungen direkt am \u201eTatort\u201c an: zum Beispiel in Form  einer \u201eGiftlesung\u201c mit einem Apotheker oder mit Unterst\u00fctzung der Koblenzer  Kripo. Auf Anfrage besteht f\u00fcr Gruppen die M\u00f6glichkeit, die Autorin exklusiv am  \u201eTatort\u201c zu treffen und mit ihr \u00fcber ihren Roman zu plaudern.<!--more-->An folgenden Veranstaltungstagen  finden Lesungen mit der Autorin statt:<\/p>\n<ul>\n<li>Premierenlesung am 16. April 2011,  um11 Uhr, Kurf\u00fcrstliches Schloss, Schlossb\u00fchne<\/li>\n<li>Kurz-Lesungen am 18.\/21.\/27. und 29.  April, jeweils um 13 Uhr und 14 Uhr, Paradiesgarten<\/li>\n<li>Autorenbegegnung : 4. Mai, 3. Juni,  7. Juli, 1. August, 29. September, jeweils um 14 Uhr,  Paradiesgarten<\/li>\n<li>Giftlesung  mit einem Apotheker: 24. Juni, 15. August, jeweils um14Uhr,  Paradiesgarten<\/li>\n<li>Tatort-Lesung mit der Kripo-Koblenz:  18. Mai, 21. Juli, 1. September, jeweils um 14 Uhr,  Paradiesgarten<\/li>\n<\/ul>\n<p>Der Eintritt f\u00fcr alle Lesungen ist  frei. Es muss lediglich ein BUGA-Ticket gekauft werden. Weitere Informationen  dazu gibt es unter <a title=\"http:\/\/www.buga2011.de\/\" href=\"http:\/\/www.buga2011.de\/\">www.buga2011.de<\/a><\/p>\n","protected":false},"excerpt":{"rendered":"<p>Die Bundesgartenschau, die vom 15. April bis zum 16. Oktober 2011 in Koblenz stattfindet, ist nicht nur f\u00fcr die Fans<\/p>\n","protected":false},"author":3,"featured_media":0,"comment_status":"open","ping_status":"open","sticky":false,"template":"","format":"standard","meta":{"colormag_page_container_layout":"default_layout","colormag_page_sidebar_layout":"default_layout","footnotes":""},"categories":[13],"tags":[],"class_list":["post-31584","post","type-post","status-publish","format-standard","hentry","category-veranstaltungen"],"_links":{"self":[{"href":"https:\/\/hier-luebeck.de\/index.php\/wp-json\/wp\/v2\/posts\/31584","targetHints":{"allow":["GET"]}}],"collection":[{"href":"https:\/\/hier-luebeck.de\/index.php\/wp-json\/wp\/v2\/posts"}],"about":[{"href":"https:\/\/hier-luebeck.de\/index.php\/wp-json\/wp\/v2\/types\/post"}],"author":[{"embeddable":true,"href":"https:\/\/hier-luebeck.de\/index.php\/wp-json\/wp\/v2\/users\/3"}],"replies":[{"embeddable":true,"href":"https:\/\/hier-luebeck.de\/index.php\/wp-json\/wp\/v2\/comments?post=31584"}],"version-history":[{"count":0,"href":"https:\/\/hier-luebeck.de\/index.php\/wp-json\/wp\/v2\/posts\/31584\/revisions"}],"wp:attachment":[{"href":"https:\/\/hier-luebeck.de\/index.php\/wp-json\/wp\/v2\/media?parent=31584"}],"wp:term":[{"taxonomy":"category","embeddable":true,"href":"https:\/\/hier-luebeck.de\/index.php\/wp-json\/wp\/v2\/categories?post=31584"},{"taxonomy":"post_tag","embeddable":true,"href":"https:\/\/hier-luebeck.de\/index.php\/wp-json\/wp\/v2\/tags?post=31584"}],"curies":[{"name":"wp","href":"https:\/\/api.w.org\/{rel}","templated":true}]}}