{"id":31590,"date":"2011-04-14T08:20:25","date_gmt":"2011-04-14T06:20:25","guid":{"rendered":"http:\/\/www.hier-luebeck.de\/?p=31590"},"modified":"2011-04-14T08:20:25","modified_gmt":"2011-04-14T06:20:25","slug":"benefizkonzert-zu-gunsten-des-muttergenesungswerks","status":"publish","type":"post","link":"https:\/\/hier-luebeck.de\/index.php\/benefizkonzert-zu-gunsten-des-muttergenesungswerks\/","title":{"rendered":"Benefizkonzert zu Gunsten des M\u00fcttergenesungswerks"},"content":{"rendered":"<p>Stra\u00dfensammlung vom 6. bis 13. Mai 2011 in L\u00fcbeck \u2013 B\u00fcrgermeister gibt \u201eStartschuss\u201c<\/p>\n<p>Vom 6. bis 13. Mai 2011 findet wieder in L\u00fcbeck die Stra\u00dfensammlung f\u00fcr das M\u00fcttergenesungswerk statt. B\u00fcrgermeister Bernd Saxe wird am Freitag, 6. Mai 2011, ab 10 Uhr im Foyer des Rathauses oder bei sch\u00f6nem Wetter vor dem Rathaus offiziell diese Sammlung zu er\u00f6ffnen und die Kinder und Jugendlichen begleiten.<!--more--><\/p>\n<p>Das M\u00fcttergenesungswerk sorgt seit \u00fcber 60 Jahren f\u00fcr die Gesundheit von M\u00fcttern und daf\u00fcr, dass es ausreichende gesellschaftliche und politische Rahmenbedingungen f\u00fcr ihre Gesunderhaltung gibt. Der Gesundheitszustand der M\u00fctter ist heute zunehmend von Belastungen gekennzeichnet, die K\u00f6rper und Psyche krank machen, so der Caritasverband L\u00fcbeck e.V.. An alle M\u00fctter zu denken, kann dem bevorstehenden Muttertag &#8211; 8. Mai 2011 &#8211; einen v\u00f6llig neuen, einen besonderen Sinn geben.<\/p>\n<p>\u201eM\u00fctter brauchen auch heute unsere Unterst\u00fctzung: Wenn sie keine Kraft mehr haben mit ihren Kindern zu spielen und zu lachen, wenn die Ersch\u00f6pfung so gro\u00df ist, dass sie selbst keine Ruhe oder keinen Schlaf mehr finden, dann ist erfahrene Hilfe dringend n\u00f6tig. Das M\u00fcttergenesungswerk kann diese Hilfe leisten\u201c. (so die Worte der Schirmherrin, Frau Bettina Wulff).<\/p>\n<p>Am Freitag, 6. Mai 2011, findet um 19.30 Uhr ein Benefizkonzert zu Gunsten der M\u00fcttergenesungsarbeit in L\u00fcbeck in der Aula der Oberschule zum Dom, L\u00fcbeck, Domkirchhof 1, statt. Es spielt die Big Band der Oberschule zum Dom Jazz, Funk &amp; Rock unter der Leitung von Michael Hantke. Jede verkaufte Konzertkarte hilft kurbed\u00fcrftigen M\u00fcttern. Der Kartenvorverkauf erfolgt \u00fcber den Caritasverband L\u00fcbeck e.V., Eintritt: sieben, erm\u00e4\u00dfigt f\u00fcnf Euro.<\/p>\n<p>Bei Fragen \/ Interesse: Caritasverband L\u00fcbeck e.V., Wilhelmine Timm, Fegefeuer 2, 23552 L\u00fcbeck, Telefon: (0451) 799-46117, mgw@caritasverband-luebeck.de<\/p>\n","protected":false},"excerpt":{"rendered":"<p>Stra\u00dfensammlung vom 6. bis 13. Mai 2011 in L\u00fcbeck \u2013 B\u00fcrgermeister gibt \u201eStartschuss\u201c Vom 6. bis 13. Mai 2011 findet<\/p>\n","protected":false},"author":3,"featured_media":0,"comment_status":"open","ping_status":"open","sticky":false,"template":"","format":"standard","meta":{"colormag_page_container_layout":"default_layout","colormag_page_sidebar_layout":"default_layout","footnotes":""},"categories":[20],"tags":[],"class_list":["post-31590","post","type-post","status-publish","format-standard","hentry","category-besondere-neuigkeiten"],"_links":{"self":[{"href":"https:\/\/hier-luebeck.de\/index.php\/wp-json\/wp\/v2\/posts\/31590","targetHints":{"allow":["GET"]}}],"collection":[{"href":"https:\/\/hier-luebeck.de\/index.php\/wp-json\/wp\/v2\/posts"}],"about":[{"href":"https:\/\/hier-luebeck.de\/index.php\/wp-json\/wp\/v2\/types\/post"}],"author":[{"embeddable":true,"href":"https:\/\/hier-luebeck.de\/index.php\/wp-json\/wp\/v2\/users\/3"}],"replies":[{"embeddable":true,"href":"https:\/\/hier-luebeck.de\/index.php\/wp-json\/wp\/v2\/comments?post=31590"}],"version-history":[{"count":0,"href":"https:\/\/hier-luebeck.de\/index.php\/wp-json\/wp\/v2\/posts\/31590\/revisions"}],"wp:attachment":[{"href":"https:\/\/hier-luebeck.de\/index.php\/wp-json\/wp\/v2\/media?parent=31590"}],"wp:term":[{"taxonomy":"category","embeddable":true,"href":"https:\/\/hier-luebeck.de\/index.php\/wp-json\/wp\/v2\/categories?post=31590"},{"taxonomy":"post_tag","embeddable":true,"href":"https:\/\/hier-luebeck.de\/index.php\/wp-json\/wp\/v2\/tags?post=31590"}],"curies":[{"name":"wp","href":"https:\/\/api.w.org\/{rel}","templated":true}]}}