{"id":31895,"date":"2011-04-22T08:16:30","date_gmt":"2011-04-22T06:16:30","guid":{"rendered":"http:\/\/www.hier-luebeck.de\/?p=31895"},"modified":"2011-04-21T17:18:02","modified_gmt":"2011-04-21T15:18:02","slug":"erster-spatenstich-fur-seebrucke-in-heiligenhafen","status":"publish","type":"post","link":"https:\/\/hier-luebeck.de\/index.php\/erster-spatenstich-fur-seebrucke-in-heiligenhafen\/","title":{"rendered":"Erster Spatenstich f\u00fcr Seebr\u00fccke in Heiligenhafen"},"content":{"rendered":"<h1><\/h1>\n<div>\n<p>Staatssekret\u00e4rin Dr. Tamara Zieschang: \u201e<q>Ein touristischer Magnet f\u00fcr die Region<\/q>\u201c<\/p>\n<\/div>\n<div>\n<p>Bahn frei f\u00fcr die Entstehung eines neuen  Tourismus-Leuchtturm-Projekts in Heiligenhafen: Staatssekret\u00e4rin Dr.  Tamara Zieschang setzte am 21. April den ersten Spatenstich f\u00fcr den Bau  einer neuen Seebr\u00fccke auf dem so genannten Steinwarder der Ostsee-Stadt.<!--more--><\/p>\n<\/div>\n<p>Das Land unterst\u00fctzt das 5,3 Millionen Euro teure Vorhaben mit 3,7 Millionen Euro aus dem Zukunftsprogramm Wirtschaft. \u201e<q>Ich bin sicher, dass die neue Seebr\u00fccke zu einem Aush\u00e4ngeschild und Besucher-Magneten f\u00fcr die gesamte Urlaubsregion wird<\/q>\u201c,  so Zieschang. Die Seebr\u00fccke sei ein wesentlicher Bestandteil des  touristischen Masterplans \u201eMarina-Resort Heiligenhafen\u201c f\u00fcr den  Steinwarder. Dort entstehen auf einer Fl\u00e4che von zehn Hektar zwei  Hotels, Ferienh\u00e4user und -appartements sowie Einzelhandelsgesch\u00e4fte und  Gastronomie. Die Fertigstellung der Seebr\u00fccke ist f\u00fcr Mai 2012 geplant,  der Vorplatz wird bereits einige Monate fr\u00fcher fertig. An dem Projekt  sind fast ausschlie\u00dflich schleswig-holsteinische Unternehmen beteiligt.<\/p>\n<h2>Die Seebr\u00fccke<\/h2>\n<p><a title=\"Modell Seebr\u00fccke Heiligenhafen (Vergr\u00f6\u00dferung \u00f6ffnet sich im neuen Fenster)\" href=\"http:\/\/www.schleswig-holstein.de\/cae\/servlet\/contentblob\/993714\/poster\/SeebrueckeHeiligenhafen.jpg\" target=\"_blank\"><img decoding=\"async\" title=\"Modell Seebr\u00fccke Heiligenhafen\" src=\"http:\/\/www.schleswig-holstein.de\/cae\/servlet\/contentblob\/993714\/normal\/SeebrueckeHeiligenhafen.jpg\" alt=\"Modell Seebr\u00fccke Heiligenhafen\" \/><\/a>Modell Seebr\u00fccke Heiligenhafen<\/p>\n<p>Wie Zieschang weiter sagte, wird die \u201eErlebnis-Seebr\u00fccke\u201c 365 Meter  lang und umfasst verschiedene Aufenthalts- und Veranstaltungsbereiche  wie etwa Sonnendecks, eine wettergesch\u00fctzte Lounge,  Sanit\u00e4reinrichtungen, Spielecken und ein Badedeck. Sie wird mit einem  attraktiv gestalteten Seebr\u00fcckenvorplatz mit Gastronomie, Spiel- und  Ruhebereichen an die Strand- und Hafenpromenade angebunden sein.  Architektonisch gebe es in Norddeutschland keine vergleichbare  Seebr\u00fccke. Insgesamt sei bei der Planung gro\u00dfer Wert auf eine  zur\u00fcckhaltende, aber qualitativ hochwertige Formgebung sowie Gestaltung  gelegt worden, ohne dabei das Landschaftsbild au\u00dfer Acht zu lassen.<\/p>\n<p>Zieschang: \u201e<q>Ich bin \u00fcberzeugt, dass der in Heiligenhafen  eingeschlagene Weg richtig ist und mittelfristig den Tourismus in der  Stadt, aber auch in der Region voran bringen wird. Die Vorzeichen daf\u00fcr  sind gut.<\/q>\u201c<\/p>\n","protected":false},"excerpt":{"rendered":"<p>Staatssekret\u00e4rin Dr. Tamara Zieschang: \u201eEin touristischer Magnet f\u00fcr die Region\u201c Bahn frei f\u00fcr die Entstehung eines neuen Tourismus-Leuchtturm-Projekts in Heiligenhafen:<\/p>\n","protected":false},"author":3,"featured_media":0,"comment_status":"open","ping_status":"open","sticky":false,"template":"","format":"standard","meta":{"colormag_page_container_layout":"default_layout","colormag_page_sidebar_layout":"default_layout","footnotes":""},"categories":[5],"tags":[],"class_list":["post-31895","post","type-post","status-publish","format-standard","hentry","category-politik-wirtschaft"],"_links":{"self":[{"href":"https:\/\/hier-luebeck.de\/index.php\/wp-json\/wp\/v2\/posts\/31895","targetHints":{"allow":["GET"]}}],"collection":[{"href":"https:\/\/hier-luebeck.de\/index.php\/wp-json\/wp\/v2\/posts"}],"about":[{"href":"https:\/\/hier-luebeck.de\/index.php\/wp-json\/wp\/v2\/types\/post"}],"author":[{"embeddable":true,"href":"https:\/\/hier-luebeck.de\/index.php\/wp-json\/wp\/v2\/users\/3"}],"replies":[{"embeddable":true,"href":"https:\/\/hier-luebeck.de\/index.php\/wp-json\/wp\/v2\/comments?post=31895"}],"version-history":[{"count":0,"href":"https:\/\/hier-luebeck.de\/index.php\/wp-json\/wp\/v2\/posts\/31895\/revisions"}],"wp:attachment":[{"href":"https:\/\/hier-luebeck.de\/index.php\/wp-json\/wp\/v2\/media?parent=31895"}],"wp:term":[{"taxonomy":"category","embeddable":true,"href":"https:\/\/hier-luebeck.de\/index.php\/wp-json\/wp\/v2\/categories?post=31895"},{"taxonomy":"post_tag","embeddable":true,"href":"https:\/\/hier-luebeck.de\/index.php\/wp-json\/wp\/v2\/tags?post=31895"}],"curies":[{"name":"wp","href":"https:\/\/api.w.org\/{rel}","templated":true}]}}