{"id":32070,"date":"2011-04-27T07:45:13","date_gmt":"2011-04-27T05:45:13","guid":{"rendered":"http:\/\/www.hier-luebeck.de\/?p=32070"},"modified":"2011-04-27T07:45:13","modified_gmt":"2011-04-27T05:45:13","slug":"erfolgreich-nach-der-familienphase-wieder-einsteigen","status":"publish","type":"post","link":"https:\/\/hier-luebeck.de\/index.php\/erfolgreich-nach-der-familienphase-wieder-einsteigen\/","title":{"rendered":"Erfolgreich nach der Familienphase  wieder einsteigen"},"content":{"rendered":"<p>Frauen, die nach einer l\u00e4ngeren Zeit der Familienarbeit wieder ins Berufsleben zur\u00fcckkehren m\u00f6chten, besch\u00e4ftigen viele Fragen: Wie organisiere ich die Betreuung der Kinder? Sind meine beruflichen Kenntnisse noch aktuell? Welche M\u00f6glichkeiten bietet der Arbeitsmarkt? Wo kann ich gezielt nach Stellen- und Weiterbildungsm\u00f6glichkeiten suchen?<!--more--><br \/>\nAntworten auf diese und weitere Fragen bietet die Veranstaltung \u201ePerspektive Wiedereinstieg\u201c am 12. Mai 2011 von 10.00 bis 12.00 Uhr in der Agentur f\u00fcr Arbeit L\u00fcbeck, Sitzungssaal (4. OG), Hans-B\u00f6ckler-Str. 1, 23560 L\u00fcbeck.<\/p>\n<p>\u201eDer Weg zur\u00fcck in den Beruf kann individuell sehr unterschiedlich sein. Je besser Sie sich vorbereiten und sich mit den pers\u00f6nlichen Rahmenbedingungen und Zielen auseinandersetzen, umso besser gelingt der Wiedereinstieg. Bei der Veranstaltung bieten wir einen \u00dcberblick \u00fcber die verschiedenen Schritte und M\u00f6glichkeiten\u201c, l\u00e4dt Karin Koop, Beauftragte f\u00fcr Chancengleichheit am Arbeitsmarkt der Agentur f\u00fcr Arbeit L\u00fcbeck ein.<\/p>\n<p>Interessierte Frauen, die eine abgeschlossene Ausbildung oder ein Studium haben und l\u00e4ngere Zeit wegen Kinderbetreuung oder Pflege von Familienangeh\u00f6rigen nicht berufst\u00e4tig waren, sollten sich schnellstm\u00f6glich unter der Telefonnummer 0451 588-254 oder E-Mail Luebeck.BCA@arbeitsagentur.de anmelden.<\/p>\n","protected":false},"excerpt":{"rendered":"<p>Frauen, die nach einer l\u00e4ngeren Zeit der Familienarbeit wieder ins Berufsleben zur\u00fcckkehren m\u00f6chten, besch\u00e4ftigen viele Fragen: Wie organisiere ich die<\/p>\n","protected":false},"author":3,"featured_media":0,"comment_status":"open","ping_status":"open","sticky":false,"template":"","format":"standard","meta":{"colormag_page_container_layout":"default_layout","colormag_page_sidebar_layout":"default_layout","footnotes":""},"categories":[5],"tags":[],"class_list":["post-32070","post","type-post","status-publish","format-standard","hentry","category-politik-wirtschaft"],"_links":{"self":[{"href":"https:\/\/hier-luebeck.de\/index.php\/wp-json\/wp\/v2\/posts\/32070","targetHints":{"allow":["GET"]}}],"collection":[{"href":"https:\/\/hier-luebeck.de\/index.php\/wp-json\/wp\/v2\/posts"}],"about":[{"href":"https:\/\/hier-luebeck.de\/index.php\/wp-json\/wp\/v2\/types\/post"}],"author":[{"embeddable":true,"href":"https:\/\/hier-luebeck.de\/index.php\/wp-json\/wp\/v2\/users\/3"}],"replies":[{"embeddable":true,"href":"https:\/\/hier-luebeck.de\/index.php\/wp-json\/wp\/v2\/comments?post=32070"}],"version-history":[{"count":0,"href":"https:\/\/hier-luebeck.de\/index.php\/wp-json\/wp\/v2\/posts\/32070\/revisions"}],"wp:attachment":[{"href":"https:\/\/hier-luebeck.de\/index.php\/wp-json\/wp\/v2\/media?parent=32070"}],"wp:term":[{"taxonomy":"category","embeddable":true,"href":"https:\/\/hier-luebeck.de\/index.php\/wp-json\/wp\/v2\/categories?post=32070"},{"taxonomy":"post_tag","embeddable":true,"href":"https:\/\/hier-luebeck.de\/index.php\/wp-json\/wp\/v2\/tags?post=32070"}],"curies":[{"name":"wp","href":"https:\/\/api.w.org\/{rel}","templated":true}]}}