{"id":32085,"date":"2011-04-27T11:08:00","date_gmt":"2011-04-27T09:08:00","guid":{"rendered":"http:\/\/www.hier-luebeck.de\/?p=32085"},"modified":"2011-04-27T11:08:00","modified_gmt":"2011-04-27T09:08:00","slug":"fruhe-hilfen-gesundheit-forderung-und-schutz-von-kindern","status":"publish","type":"post","link":"https:\/\/hier-luebeck.de\/index.php\/fruhe-hilfen-gesundheit-forderung-und-schutz-von-kindern\/","title":{"rendered":"Fr\u00fche Hilfen: Gesundheit, F\u00f6rderung und Schutz von Kindern"},"content":{"rendered":"<p><a rel=\"attachment wp-att-16145\" href=\"http:\/\/www.hier-luebeck.de\/2010\/08\/bildungsminister-spricht-in-der-gemeinnutzigen\/gemeinnuetzigelg-4\/\"><img loading=\"lazy\" decoding=\"async\" class=\"alignleft size-full wp-image-16145\" title=\"GemeinnuetzigeLg\" src=\"http:\/\/www.hier-luebeck.de\/wp-content\/uploads\/2010\/05\/GemeinnuetzigeLg.jpg\" alt=\"\" width=\"165\" height=\"103\" \/><\/a>Vortrag am 4. Mai in der Gemeinn\u00fctzigen: Wie kann die Hilfe noch verbessert werden?<\/p>\n<p>\u201eFr\u00fche Hilfen: Gesundes Aufwachsen, F\u00f6rderung und Schutz von Kindern \u2013 auch ein Beitrag zur Bildung?\u201c ist das Vortragsthema von Referentin ist Prof. Dr. Ute Thyen am Mittwoch, 4. Mai 2011. Die GEMEINN\u00dcTZIGE l\u00e4dt im Rahmen der mittwochsBILDUNG um 19.30 Uhr im Gro\u00dfen Saal, K\u00f6nigstra\u00dfe 5, zu dieser Veranstaltung ein. Der Eintritt ist frei.<!--more--><\/p>\n<p>Dass Fr\u00fche Hilfen unbedingt n\u00f6tig und sinnvoll sind, das ist inzwischen allgemein bekannt. Ute Thyen beschreibt das so: \u201eDas Recht des Kindes auf eine m\u00f6glichst weitgehende Realisierung seines k\u00f6rperlichen, geistigen, seelischen und sozialen Entwicklungspotenziales soll durch fr\u00fch einsetzende Hilfen und F\u00f6rderung unterst\u00fctzt werden.\u201c Dabei geht es im Wesentlichen darum, Familien bei der Verwirklichung dieses Ziels zu unterst\u00fctzen. Effektive Hilfen werden m\u00f6glich, wenn es gelingt, mehr miteinander statt nebeneinander zu arbeiten. Ein gro\u00dfes Hindernis beim Aufbau eines Netzwerkes ist die Trennung von sozialer Daseinsf\u00fcrsorge, fr\u00fchkindlicher Bildung und Gesundheitsversorgung.<\/p>\n<p>Das Angebot der Fr\u00fchen Hilfen im Rahmen der Jugendhilfe als parallele Struktur zur p\u00e4dagogischen Fr\u00fchf\u00f6rderung durch die Eingliederungshilfe ist ein Beispiel f\u00fcr Nebeneinander statt Miteinander. \u201eDie Fragmentisierung, fehlende Qualit\u00e4tssicherung und unzureichende Qualifizierung der Angebote f\u00fcr alle Kinder in der Altersgruppe null bis drei widerspricht sowohl den Rechten der Kinder auf ungehinderten Zugang zu Angeboten der Gesundheitsversorgung und Bildung\u201c, so Thyen, \u201eals auch den Rechten von Kindern mit Behinderung auf Inklusion. Um diese strukturellen Probleme zu \u00fcberwinden, bedarf es eines hohen Ma\u00dfes an Engagement und Anwaltschaft f\u00fcr die Belange der betroffenen Familien.\u201c<\/p>\n<p>Zum Hintergrund:<\/p>\n<p>In Deutschland wurde neben sozial- oder heilp\u00e4dagogischen Hilfen f\u00fcr Kinder mit Risiken f\u00fcr die seelische und k\u00f6rperlich-geistige Entwicklung in der Altersgruppe 0-6 Jahre kein allgemeiner Bildungsauftrag an die Kinder betreuenden Institutionen formuliert. In einzelnen Einrichtungen werden aber zunehmend Lernangebote gemacht, allerdings ohne einheitliche Strategie und nicht immer einem ganzheitlichen, die Pers\u00f6nlichkeit des Kindes f\u00f6rdernden Ansatz verpflichtet. Die Fr\u00fchen Hilfen k\u00f6nnen dazu beitragen, auch Kinder aus Familien in prek\u00e4ren Lebenslagen oder solchen mit geringem eigenen Zugang zu Bildungsangeboten an solchen fr\u00fchen Bildungsangeboten teilnehmen zu lassen. Voraussetzung w\u00e4re allerdings eine Finanzierung einer hochqualifizierten Krippen- und Kindertagesst\u00e4ttenbetreuung, die sich am Bedarf des Kindes und nicht an den Ressourcen der Familie orientiert.<\/p>\n<p>Ute Thyen, geb. am 10. Dezember 1957 in Stuttgart, wuchs in L\u00fcbeck auf und studierte Medizin in Aachen, Edinburgh und L\u00fcbeck. 1987 promovierte sie zum Thema \u201eKindesmisshandlung und \u2013vernachl\u00e4ssigung\u201c. Nach einem Aufenthalt in den USA wurde sie 1999 habilitiert mit der Arbeit \u201eChronische Erkrankungen und Behinderung bei Kindern und Jugendlichen &#8211; H\u00e4usliche Pflege, Belastungen der M\u00fctter, famili\u00e4re Funktion und psychosoziale Unterst\u00fctzung\u201c. 2006 Ernennung zur apl. Professorin; seit 2008 Leiterin des Sozialp\u00e4diatrischen Zentrums der Uni-Kinderklinik L\u00fcbeck. Der Kinderschutz ist Ute Thyen auf lokaler, regionaler und nationaler Ebene ein besonderes Anliegen sowie ihre Arbeit in der deutschen Liga f\u00fcr das Kind.<\/p>\n<p>Wie immer steht die Referentin im Anschluss an ihren Vortrag zu einer Diskussion bereit.<\/p>\n<p>Weitere Informationen zur Veranstaltung sind t\u00e4glich in der Zeit von 9 Uhr bis 13 Uhr unter der Rufnummer (0451) 7 54 54 erh\u00e4ltlich.<\/p>\n","protected":false},"excerpt":{"rendered":"<p>Vortrag am 4. Mai in der Gemeinn\u00fctzigen: Wie kann die Hilfe noch verbessert werden? \u201eFr\u00fche Hilfen: Gesundes Aufwachsen, F\u00f6rderung und<\/p>\n","protected":false},"author":3,"featured_media":0,"comment_status":"open","ping_status":"open","sticky":false,"template":"","format":"standard","meta":{"colormag_page_container_layout":"default_layout","colormag_page_sidebar_layout":"default_layout","footnotes":""},"categories":[13],"tags":[],"class_list":["post-32085","post","type-post","status-publish","format-standard","hentry","category-veranstaltungen"],"_links":{"self":[{"href":"https:\/\/hier-luebeck.de\/index.php\/wp-json\/wp\/v2\/posts\/32085","targetHints":{"allow":["GET"]}}],"collection":[{"href":"https:\/\/hier-luebeck.de\/index.php\/wp-json\/wp\/v2\/posts"}],"about":[{"href":"https:\/\/hier-luebeck.de\/index.php\/wp-json\/wp\/v2\/types\/post"}],"author":[{"embeddable":true,"href":"https:\/\/hier-luebeck.de\/index.php\/wp-json\/wp\/v2\/users\/3"}],"replies":[{"embeddable":true,"href":"https:\/\/hier-luebeck.de\/index.php\/wp-json\/wp\/v2\/comments?post=32085"}],"version-history":[{"count":0,"href":"https:\/\/hier-luebeck.de\/index.php\/wp-json\/wp\/v2\/posts\/32085\/revisions"}],"wp:attachment":[{"href":"https:\/\/hier-luebeck.de\/index.php\/wp-json\/wp\/v2\/media?parent=32085"}],"wp:term":[{"taxonomy":"category","embeddable":true,"href":"https:\/\/hier-luebeck.de\/index.php\/wp-json\/wp\/v2\/categories?post=32085"},{"taxonomy":"post_tag","embeddable":true,"href":"https:\/\/hier-luebeck.de\/index.php\/wp-json\/wp\/v2\/tags?post=32085"}],"curies":[{"name":"wp","href":"https:\/\/api.w.org\/{rel}","templated":true}]}}