{"id":32090,"date":"2011-04-27T13:26:27","date_gmt":"2011-04-27T11:26:27","guid":{"rendered":"http:\/\/www.hier-luebeck.de\/?p=32090"},"modified":"2011-04-27T13:26:27","modified_gmt":"2011-04-27T11:26:27","slug":"der-autor-ingo-schulze-liest-zum-auftakt-des-10-lubecker-literarischen-colloquiums","status":"publish","type":"post","link":"https:\/\/hier-luebeck.de\/index.php\/der-autor-ingo-schulze-liest-zum-auftakt-des-10-lubecker-literarischen-colloquiums\/","title":{"rendered":"Der Autor Ingo Schulze liest zum Auftakt des 10. L\u00fcbecker Literarischen Colloquiums"},"content":{"rendered":"<p>Dienstag, 3. Mai 2011, 19 Uhr<br \/>\nUniversit\u00e4t L\u00fcbeck, Audimax<br \/>\nM\u00f6nkhofer Weg 65, L\u00fcbeck<\/p>\n<p>Zur Auftaktveranstaltung des diesj\u00e4hrigen L\u00fcbecker Literarischen Colloquiums (LLC) unter dem Motto \u201eRomananf\u00e4nge der Weltliteratur\u201c liest der Berliner Autor Ingo Schulze am Dienstag, 3. Mai, um 19 Uhr im Audimax der Universit\u00e4t L\u00fcbeck. Ingo Schulze wird \u00fcber seinen Essay \u201eStil als Befund. Leseerfahrungen mit Alfred D\u00f6blin\u201c sprechen und Passagen aus \u201eSimple Storys\u201c, \u201eNeue Leben\u201c und \u201eAdam und Evelyn\u201c vorlesen.<!--more--><br \/>\nSchulze wurde 1962 in Dresden geboren, studierte von 1983\u20131988 klassische Philologie in Jena und arbeitete anschlie\u00dfend als Dramaturg am Landestheater in Altenburg. 1989 verlie\u00df Ingo Schulze das Theater, um als politischer Journalist zu arbeiten. Schulze wurde 1995 f\u00fcr sein Deb\u00fct \u201e33 Augenblicke des Gl\u00fccks\u201c mit dem F\u00f6rderpreis des Alfred-D\u00f6blin-Wettbewerbs sowie dem aspekte-Literaturpreis ausgezeichnet. F\u00fcr seinen Prosaband \u201eSimple Storys erhielt er 1998 den Berliner Literaturpreis. Seine Romane \u201eNeue Leben\u201c und \u201eAdam und Evelyn\u201c wurden in die Shortlist des Deutschen Buchpreises 2006 bzw. 2008 gew\u00e4hlt. Weitere Werke von Ingo Schulze sind \u201eOrangen und Engel\u201c, \u201eWas wollen wir?\u201c, \u201eDer Herr Augustin\u201c.<br \/>\nDer Lektor, Literaturwissenschaftler und Leiter des L\u00fcbecker Literarischen Colloquiums, Dr. Dieter Stolz, wird in die Veranstaltung einf\u00fchren. Der Eintritt ist kostenlos. Ingo Schulze wird nach seiner Lesung auf Wunsch B\u00fccher signieren.<br \/>\nBei der Veranstaltung handelt es sich um eine Kooperation des G\u00fcnter Grass-Hauses und der Universit\u00e4t zu L\u00fcbeck.<\/p>\n","protected":false},"excerpt":{"rendered":"<p>Dienstag, 3. Mai 2011, 19 Uhr Universit\u00e4t L\u00fcbeck, Audimax M\u00f6nkhofer Weg 65, L\u00fcbeck Zur Auftaktveranstaltung des diesj\u00e4hrigen L\u00fcbecker Literarischen Colloquiums<\/p>\n","protected":false},"author":3,"featured_media":0,"comment_status":"open","ping_status":"open","sticky":false,"template":"","format":"standard","meta":{"colormag_page_container_layout":"default_layout","colormag_page_sidebar_layout":"default_layout","footnotes":""},"categories":[13],"tags":[],"class_list":["post-32090","post","type-post","status-publish","format-standard","hentry","category-veranstaltungen"],"_links":{"self":[{"href":"https:\/\/hier-luebeck.de\/index.php\/wp-json\/wp\/v2\/posts\/32090","targetHints":{"allow":["GET"]}}],"collection":[{"href":"https:\/\/hier-luebeck.de\/index.php\/wp-json\/wp\/v2\/posts"}],"about":[{"href":"https:\/\/hier-luebeck.de\/index.php\/wp-json\/wp\/v2\/types\/post"}],"author":[{"embeddable":true,"href":"https:\/\/hier-luebeck.de\/index.php\/wp-json\/wp\/v2\/users\/3"}],"replies":[{"embeddable":true,"href":"https:\/\/hier-luebeck.de\/index.php\/wp-json\/wp\/v2\/comments?post=32090"}],"version-history":[{"count":0,"href":"https:\/\/hier-luebeck.de\/index.php\/wp-json\/wp\/v2\/posts\/32090\/revisions"}],"wp:attachment":[{"href":"https:\/\/hier-luebeck.de\/index.php\/wp-json\/wp\/v2\/media?parent=32090"}],"wp:term":[{"taxonomy":"category","embeddable":true,"href":"https:\/\/hier-luebeck.de\/index.php\/wp-json\/wp\/v2\/categories?post=32090"},{"taxonomy":"post_tag","embeddable":true,"href":"https:\/\/hier-luebeck.de\/index.php\/wp-json\/wp\/v2\/tags?post=32090"}],"curies":[{"name":"wp","href":"https:\/\/api.w.org\/{rel}","templated":true}]}}