{"id":32370,"date":"2011-05-02T07:18:11","date_gmt":"2011-05-02T05:18:11","guid":{"rendered":"http:\/\/www.hier-luebeck.de\/?p=32370"},"modified":"2011-05-02T07:18:11","modified_gmt":"2011-05-02T05:18:11","slug":"ringelganstage-2011-umweltministerin-juliane-rumpf-ehrt-annemarie-lubcke-mit-der-goldenen-ringelgansfeder","status":"publish","type":"post","link":"https:\/\/hier-luebeck.de\/index.php\/ringelganstage-2011-umweltministerin-juliane-rumpf-ehrt-annemarie-lubcke-mit-der-goldenen-ringelgansfeder\/","title":{"rendered":"Ringelganstage 2011: Umweltministerin Juliane Rumpf ehrt Annemarie L\u00fcbcke mit der &#8222;Goldenen Ringelgansfeder&#8220;"},"content":{"rendered":"<p>HALLIG HOOGE. Bei der Er\u00f6ffnung der 14. Ringelganstage auf der Hallig Hooge hat Umweltministerin Dr. Juliane Rumpf heute (30. April) Annemarie L\u00fcbcke mit der &#8222;Goldenen Ringelgansfeder&#8220; ausgezeichnet. Frau L\u00fcbcke ist die ehemalige Gesch\u00e4ftsf\u00fchrerin der Biosph\u00e4re Halligen sowie der Insel- und Halligkonferenz. &#8222;&#8220;Annemarie L\u00fcbcke hat sich jahrzehntelang beherzt f\u00fcr die Entwicklung der Region Uthlande und der Biosph\u00e4re Halligen eingesetzt.<!--more--> Mit Feingef\u00fchl sorgte sie f\u00fcr ein Miteinander von Naturschutz, Tourismus und Landwirtschaft, f\u00fcr Kommunikation und Kooperation in der Halligregion&#8220;&#8220;, hob Frau Rumpf hervor. Weiterer H\u00f6hepunkt der diesj\u00e4hrigen Er\u00f6ffnung der Ringelganstage war der Start der &#8222;Geschichtenj\u00e4ger-Kampagne&#8220; im Weltnaturerbe Wattenmeer. Zwei Journalisten gehen bis Ende Juni im Weltnaturerbe Wattenmeer mit Kamera und Mikrofon auf die Jagd nach &#8222;Geschichten zwischen Himmel und Erde&#8220;. &#8222;&#8220;Jeder kann seine eigene, besondere Weltnaturerbegeschichte erz\u00e4hlen, zum Beispiel Erinnerungen aus der Kindheit, aus der Zeit des ersten Besuchs im Nationalpark oder aus einem langen Leben, das von den Gezeiten gepr\u00e4gt ist,&#8220;&#8220; erkl\u00e4rte dazu Jens Enemark, der Leiter des Internationalen Wattenmeersekretariats in Wilhelmshaven.<\/p>\n<p>W\u00e4hrend der Er\u00f6ffnungsfeier der Ringelganstage wurden ebenfalls die Sieger des Malwettbewerbs f\u00fcr das Plakat &#8222;Ringelganstage 2012&#8220; ausgezeichnet. In diesem Jahr hatten sich \u00fcber 450 Sch\u00fclerinnen und Sch\u00fcler aus Nordfriesland und Dithmarschen am Malwettbewerb beteiligt. Das Siegerbild malte Moritz Ha\u00df vom Gymnasium Brunsb\u00fcttel. Der zweite Platz ging an Lone Herdt von der Hallig Langeness. Der Gewinner des dritten Platzes hei\u00dft Sven Holsteiner und kommt aus der Herrendeichschule von Nordstrand.<\/p>\n<p>Zahlreiche Besucher waren zur Er\u00f6ffnung der Ringelganstage auf die Hanswarft nach Hooge gekommen. Sie wurden vom B\u00fcrgermeister der Hallig Hooge, Matthias Piepgras, stellvertretend f\u00fcr die gesamte Biosph\u00e4re Halligen begr\u00fc\u00dft. Moderiert wurde die Veranstaltung vom Leiter der Nationalparkverwaltung Dr. Detlef Hansen. F\u00fcr den kulturellen Rahmen sorgten die &#8222;Basst\u00f6lpel&#8220;, die Akkordeongruppe der Hallig Langeness sowie die Trachtentanzgruppe der Hallig Hooge.<\/p>\n<p>Derzeit rasten mehr als 60.000 Ringelg\u00e4nse im schleswig-holsteinischen Wattenmeer, der Gro\u00dfteil davon auf den Halligen. Die Ringelganstage dauern bis zum 8. Mai 2011, bis dahin gibt es viele Veranstaltungen f\u00fcr Vogelfreunde, Familien und Erholungssuchende. Auftritte der Theatergruppen der Halligen und besondere Gottesdienste in den Halligkirchen geh\u00f6ren ebenso zum Programm wie ein Konzert des Olderuper Gospelchors auf Hallig Hooge, ein Vogelkiek auf der Hamburger Hallig und nat\u00fcrlich Ringelgansbeobachtungen und Wattwanderungen.<\/p>\n<p>Alle Informationen zum Programm sind erh\u00e4ltlich im Internet unter www.ringelganstage.de der \u00fcber die Telefonnummer 04849 \/ 255.<\/p>\n","protected":false},"excerpt":{"rendered":"<p>HALLIG HOOGE. Bei der Er\u00f6ffnung der 14. Ringelganstage auf der Hallig Hooge hat Umweltministerin Dr. Juliane Rumpf heute (30. April)<\/p>\n","protected":false},"author":3,"featured_media":0,"comment_status":"open","ping_status":"open","sticky":false,"template":"","format":"standard","meta":{"colormag_page_container_layout":"default_layout","colormag_page_sidebar_layout":"default_layout","footnotes":""},"categories":[5],"tags":[],"class_list":["post-32370","post","type-post","status-publish","format-standard","hentry","category-politik-wirtschaft"],"_links":{"self":[{"href":"https:\/\/hier-luebeck.de\/index.php\/wp-json\/wp\/v2\/posts\/32370","targetHints":{"allow":["GET"]}}],"collection":[{"href":"https:\/\/hier-luebeck.de\/index.php\/wp-json\/wp\/v2\/posts"}],"about":[{"href":"https:\/\/hier-luebeck.de\/index.php\/wp-json\/wp\/v2\/types\/post"}],"author":[{"embeddable":true,"href":"https:\/\/hier-luebeck.de\/index.php\/wp-json\/wp\/v2\/users\/3"}],"replies":[{"embeddable":true,"href":"https:\/\/hier-luebeck.de\/index.php\/wp-json\/wp\/v2\/comments?post=32370"}],"version-history":[{"count":0,"href":"https:\/\/hier-luebeck.de\/index.php\/wp-json\/wp\/v2\/posts\/32370\/revisions"}],"wp:attachment":[{"href":"https:\/\/hier-luebeck.de\/index.php\/wp-json\/wp\/v2\/media?parent=32370"}],"wp:term":[{"taxonomy":"category","embeddable":true,"href":"https:\/\/hier-luebeck.de\/index.php\/wp-json\/wp\/v2\/categories?post=32370"},{"taxonomy":"post_tag","embeddable":true,"href":"https:\/\/hier-luebeck.de\/index.php\/wp-json\/wp\/v2\/tags?post=32370"}],"curies":[{"name":"wp","href":"https:\/\/api.w.org\/{rel}","templated":true}]}}