{"id":32382,"date":"2011-05-02T07:35:50","date_gmt":"2011-05-02T05:35:50","guid":{"rendered":"http:\/\/www.hier-luebeck.de\/?p=32382"},"modified":"2011-05-02T07:35:50","modified_gmt":"2011-05-02T05:35:50","slug":"last-mich-in-tonen-sprechen-eine-musikalisch-theatrale-begegnung-in-der-marienkirche","status":"publish","type":"post","link":"https:\/\/hier-luebeck.de\/index.php\/last-mich-in-tonen-sprechen-eine-musikalisch-theatrale-begegnung-in-der-marienkirche\/","title":{"rendered":"&#8222;La\u00dft mich in T\u00f6nen sprechen!&#8220; &#8211; eine musikalisch-theatrale Begegnung in der Marienkirche"},"content":{"rendered":"<table>\n<tbody>\n<tr>\n<td width=\"100%\"><\/td>\n<td width=\"100%\" align=\"right\"><a title=\"Drucken\"><br \/>\n<\/a><\/td>\n<td width=\"100%\" align=\"right\"><a title=\"E-Mail\"> <\/a><\/td>\n<\/tr>\n<\/tbody>\n<\/table>\n<table>\n<tbody>\n<tr>\n<td colspan=\"2\" valign=\"top\"><\/td>\n<\/tr>\n<tr>\n<td colspan=\"2\" valign=\"top\">\n<div>\n<div><a href=\"http:\/\/www.luebecknews.de\/images\/stories\/2011\/Konzerte\/st_marien.jpg\" target=\"_blank\"><img loading=\"lazy\" decoding=\"async\" class=\"alignleft\" style=\"margin-left: 6px; margin-right: 6px; border: 1px solid black;\" title=\"Konzert in St. Marien\" src=\"http:\/\/www.luebecknews.de\/images\/thumbnails\/2011\/Konzerte\/st_marien_a3816abd0decaebca5c67e712afa0b19.jpg\" border=\"1\" alt=\"Konzert in St. Marien\" hspace=\"6\" width=\"150\" height=\"150\" \/><\/a><\/p>\n<div>Konzert in St. Marien<\/div>\n<\/div>\n<p><strong>Premiere\u00a07. Mai\u00a0und\u00a08. Mai 2011, um 20.00 Uhr, in St. Marien in L\u00fcbeck<\/p>\n<p><\/strong>In Johann Sebastian Bachs Lebenslauf taucht f\u00fcr die Jahre 1706\/7 eine Reise nach L\u00fcbeck auf.<br \/>\nZu  jener Zeit war der junge Bach Organist in Arnstadt und nach seiner  R\u00fcckkunft musste er dem Arnstedter Konsitorium Rede und Antwort stehen.  \u00bbwo er unl\u00e4ngst so lange gewesen\u00ab. Der 20-j\u00e4hrige Bach rechtfertigte  sich, \u00bber sey zu L\u00fcbeck gewe\u00dfen umb daselbst ein und anderes in seiner  Kunst zu begreiffen\u00ab. Doch was wollte Bach in L\u00fcbeck \u00bbbegreiffen\u00ab?  Dieser Frage will Marien-Organist Unger in Zusammenarbeit mit dem  Theater Combinale ebenfalls nachgehen.<!--more--><\/div>\n<p>Sigrid Dettlof und  Ulli Haussmann vom Combinale haben kurze Spielszenen geschrieben, die  erz\u00e4hlen, wie es Bach in L\u00fcbeck ergangen ist. Die Beziehung zwischen  Bach und dem von ihm bewunderten Buxtehude und die Haltung Bachs zu  Buxtehudes unverheirateter Tochter Margareta wird in den Kirchenr\u00e4umen  und auf dem Kirchenvorhof in Szene gesetzt .<br \/>\nVor allem aber liegt dem  \u201eBuxtehude-Nachfolger\u201c Unger und uns die Pr\u00e4sentation der Musik  Buxtehudes am Herzen. Dabei kommt nicht nur die Totentanzorgel zum  Einsatz, sondern ein Ensemble aus jungen Musikern unter der Leitung von  Stefan Kuchel. In ungew\u00f6hnlichen Arrangements werden u.a. Teile der  Missa Brevis, die Kantate \u201eChrist lag in Todesbanden\u201c und die  D-moll-Toccata erklingen. Wir freuen uns, das Potential nutzen zu  k\u00f6nnen, das uns durch die Musikhochschule zur Verf\u00fcgung steht.<\/p>\n<p>Die  Musik Buxtehudes und auch Bachs wird die theatrale Handlung  illustrieren und konterkarieren. Dem Publikum wird eine  Raum-Inszenierung gebotenen, die die Musik Buxtehudes, den Ort und die  Epoche seines Schaffens sowohl f\u00fcr den musikalischen Laien als auch f\u00fcr  den Fachbesucher der Buxtehude &#8211; Tage erlebbar macht.<br \/>\nF\u00fcr die Rolle  des Dietrich Buxtehude konnten wir Rainer Luxem gewinnen. Rebecca  Indermaur spielt seine Tochter Margareta, Mieko Prusek den jungen J.S.  Bach. Durch den Abend und die Geschichte f\u00fchrt Ulli Haussmann als  Kirchenvogt Thomas. Die Regie \u00fcbernimmt Sigrid Dettlof vom Theater  Combinale.<\/p>\n<p>Es erwartet sie ein beeindruckendes Gesamtkunstwerk, in dem die wundersch\u00f6ne Backsteinkirche St. Marien die Hauptrolle spielt.<\/p>\n<p>Karten  zum Preis von 22,- Euro, 15,- Euro erm. k\u00f6nnen Sie im VVK in der  Marienkirche am 3., 4., und 5. Mai zwischen 16 und 18 Uhr erstehen.  Au\u00dferdem an der Konzertkasse Weiland und im Pressezentrum.  Selbstverst\u00e4ndlich gibt es auch Karten an der Abendkasse. An den  Vorstellungstagen beginnt der Verkauf in der Briefkapelle von St. Marien  jeweils 1 Stunde vor Vorstellungsbeginn.<\/p>\n<p>Premiere: Samstag, 7. Mai und Sonntag, 8. Mai jeweils um 20.00 Uhr. Bitte an warme Kleidung denken! Es gibt Sitzpl\u00e4tze.<\/td>\n<\/tr>\n<\/tbody>\n<\/table>\n","protected":false},"excerpt":{"rendered":"<p>Konzert in St. Marien Premiere\u00a07. Mai\u00a0und\u00a08. Mai 2011, um 20.00 Uhr, in St. Marien in L\u00fcbeck In Johann Sebastian Bachs<\/p>\n","protected":false},"author":3,"featured_media":0,"comment_status":"open","ping_status":"open","sticky":false,"template":"","format":"standard","meta":{"colormag_page_container_layout":"default_layout","colormag_page_sidebar_layout":"default_layout","footnotes":""},"categories":[13],"tags":[],"class_list":["post-32382","post","type-post","status-publish","format-standard","hentry","category-veranstaltungen"],"_links":{"self":[{"href":"https:\/\/hier-luebeck.de\/index.php\/wp-json\/wp\/v2\/posts\/32382","targetHints":{"allow":["GET"]}}],"collection":[{"href":"https:\/\/hier-luebeck.de\/index.php\/wp-json\/wp\/v2\/posts"}],"about":[{"href":"https:\/\/hier-luebeck.de\/index.php\/wp-json\/wp\/v2\/types\/post"}],"author":[{"embeddable":true,"href":"https:\/\/hier-luebeck.de\/index.php\/wp-json\/wp\/v2\/users\/3"}],"replies":[{"embeddable":true,"href":"https:\/\/hier-luebeck.de\/index.php\/wp-json\/wp\/v2\/comments?post=32382"}],"version-history":[{"count":0,"href":"https:\/\/hier-luebeck.de\/index.php\/wp-json\/wp\/v2\/posts\/32382\/revisions"}],"wp:attachment":[{"href":"https:\/\/hier-luebeck.de\/index.php\/wp-json\/wp\/v2\/media?parent=32382"}],"wp:term":[{"taxonomy":"category","embeddable":true,"href":"https:\/\/hier-luebeck.de\/index.php\/wp-json\/wp\/v2\/categories?post=32382"},{"taxonomy":"post_tag","embeddable":true,"href":"https:\/\/hier-luebeck.de\/index.php\/wp-json\/wp\/v2\/tags?post=32382"}],"curies":[{"name":"wp","href":"https:\/\/api.w.org\/{rel}","templated":true}]}}