{"id":32531,"date":"2011-05-04T07:50:04","date_gmt":"2011-05-04T05:50:04","guid":{"rendered":"http:\/\/www.hier-luebeck.de\/?p=32531"},"modified":"2011-05-04T07:50:04","modified_gmt":"2011-05-04T05:50:04","slug":"ein-koffer-voll-geschichten-2","status":"publish","type":"post","link":"https:\/\/hier-luebeck.de\/index.php\/ein-koffer-voll-geschichten-2\/","title":{"rendered":"Ein Koffer voll Geschichten&#8230;."},"content":{"rendered":"<p>Erz\u00e4hlwerkstatt in der Stadtbibliothek am Freitag, 13. Mai 2011<\/p>\n<p>Der \u201eKoffer voller Geschichten\u201c macht bereits zum vierten Mal Station in L\u00fcbeck! Birte Lange wird ihn zusammen mit den Kindern \u00f6ffnen und erz\u00e4hlen: M\u00e4rchen und Geschichten zum Zuh\u00f6ren, Mitmachen und Erleben. Sie wird wieder ein frei erz\u00e4hltes M\u00e4rchen vortragen, und anschlie\u00dfend wollen sich alle gemeinsam auf M\u00e4rchenpfade begeben:<!--more--> in die Figuren schl\u00fcpfen, ihre Geschichten selbst erleben und nach erz\u00e4hlen. Die Kinder k\u00f6nnen sich auf kleine und gro\u00dfe Prinzen und K\u00f6nigst\u00f6chter freuen, auf schlaue Tiere und m\u00e4chtige Zauberkr\u00e4fte, und nat\u00fcrlich muss auch das K\u00f6nigsschloss erl\u00f6st werden&#8230;.<\/p>\n<p>Die Erz\u00e4hlwerkstatt ist eine Veranstaltung der Stadtbibliothek L\u00fcbeck, Hundestr. 5-17, zu der alle Kinder von vier bis sechs 6 Jahren herzlich eingeladen sind. Sie findet statt am Freitag, 13. Mai 2011 um 16 Uhr. Der Eintritt ist frei.<\/p>\n","protected":false},"excerpt":{"rendered":"<p>Erz\u00e4hlwerkstatt in der Stadtbibliothek am Freitag, 13. Mai 2011 Der \u201eKoffer voller Geschichten\u201c macht bereits zum vierten Mal Station in<\/p>\n","protected":false},"author":3,"featured_media":0,"comment_status":"open","ping_status":"open","sticky":false,"template":"","format":"standard","meta":{"colormag_page_container_layout":"default_layout","colormag_page_sidebar_layout":"default_layout","footnotes":""},"categories":[13],"tags":[],"class_list":["post-32531","post","type-post","status-publish","format-standard","hentry","category-veranstaltungen"],"_links":{"self":[{"href":"https:\/\/hier-luebeck.de\/index.php\/wp-json\/wp\/v2\/posts\/32531","targetHints":{"allow":["GET"]}}],"collection":[{"href":"https:\/\/hier-luebeck.de\/index.php\/wp-json\/wp\/v2\/posts"}],"about":[{"href":"https:\/\/hier-luebeck.de\/index.php\/wp-json\/wp\/v2\/types\/post"}],"author":[{"embeddable":true,"href":"https:\/\/hier-luebeck.de\/index.php\/wp-json\/wp\/v2\/users\/3"}],"replies":[{"embeddable":true,"href":"https:\/\/hier-luebeck.de\/index.php\/wp-json\/wp\/v2\/comments?post=32531"}],"version-history":[{"count":0,"href":"https:\/\/hier-luebeck.de\/index.php\/wp-json\/wp\/v2\/posts\/32531\/revisions"}],"wp:attachment":[{"href":"https:\/\/hier-luebeck.de\/index.php\/wp-json\/wp\/v2\/media?parent=32531"}],"wp:term":[{"taxonomy":"category","embeddable":true,"href":"https:\/\/hier-luebeck.de\/index.php\/wp-json\/wp\/v2\/categories?post=32531"},{"taxonomy":"post_tag","embeddable":true,"href":"https:\/\/hier-luebeck.de\/index.php\/wp-json\/wp\/v2\/tags?post=32531"}],"curies":[{"name":"wp","href":"https:\/\/api.w.org\/{rel}","templated":true}]}}