{"id":32544,"date":"2011-05-04T08:09:43","date_gmt":"2011-05-04T06:09:43","guid":{"rendered":"http:\/\/www.hier-luebeck.de\/?p=32544"},"modified":"2011-05-04T08:10:18","modified_gmt":"2011-05-04T06:10:18","slug":"kulturbeauftragte-caroline-schwarz-gratuliert-zum-polnischen-nationalfeiertag-gutes-miteinander-uber-grenzen-hinweg-fortsetzen","status":"publish","type":"post","link":"https:\/\/hier-luebeck.de\/index.php\/kulturbeauftragte-caroline-schwarz-gratuliert-zum-polnischen-nationalfeiertag-gutes-miteinander-uber-grenzen-hinweg-fortsetzen\/","title":{"rendered":"Kulturbeauftragte Caroline Schwarz gratuliert zum polnischen Nationalfeiertag: Gutes Miteinander \u00fcber Grenzen hinweg fortsetzen"},"content":{"rendered":"<p>Das gute Verh\u00e4ltnis zwischen Deutschland und Polen hat die Kulturbeauftragte Caroline Schwarz heute in L\u00fcbeck gew\u00fcrdigt. Schwarz nahm in Vertretung von Ministerpr\u00e4sident Peter Harry Carstensen an einem Empfang zum polnischen Nationalfeiertag in der L\u00fcbecker Musik- und Kongresshalle teil.<!--more--><\/p>\n<p>&#8222;&#8220;Seit dem vergangenen Sommer mit dem Polen-Schwerpunkt des Schleswig-Holstein Musik Festivals ist uns die polnische Kultur n\u00e4her als je zuvor&#8220;&#8220;, sagte sie. In diesem Jahr beteilige sich Schleswig-Holstein mit einem Konzert im Landeshaus in Kiel an den Feierlichkeiten zum 20-j\u00e4hrigen Bestehen des deutsch-polnischen Freundschaftsvertrages: &#8222;&#8220;Auch das ist ein Beitrag zum kulturellen Austausch unserer beiden Nationen&#8220;&#8220;, sagte sie.<\/p>\n<p>Die Kulturbeauftragte erinnerte an die Partnerschaft zwischen Schleswig-Holstein und der Wojewodschaft Pomorski. Sie sei die \u00e4lteste regionale Partnerschaft des Landes im Ostseeraum und damit ein Schwerpunkt der Zusammenarbeit in dieser Region. Schwarz warb f\u00fcr eine Fortsetzung der gemeinsamen Aktivit\u00e4ten und machte sich f\u00fcr einen regen Austausch mit dem Nachbarland stark: &#8222;&#8220;F\u00fcr ein zukunftsgerichtetes Miteinander \u00fcber Grenzen hinweg ist es wichtig, so viel wie m\u00f6glich voneinander zu wissen. Daher freue ich mich, dass sich viele Menschen f\u00fcr die deutsch-polnischen Beziehungen einsetzen&#8220;&#8220;, sagte sie.<\/p>\n","protected":false},"excerpt":{"rendered":"<p>Das gute Verh\u00e4ltnis zwischen Deutschland und Polen hat die Kulturbeauftragte Caroline Schwarz heute in L\u00fcbeck gew\u00fcrdigt. Schwarz nahm in Vertretung<\/p>\n","protected":false},"author":3,"featured_media":0,"comment_status":"open","ping_status":"open","sticky":false,"template":"","format":"standard","meta":{"colormag_page_container_layout":"default_layout","colormag_page_sidebar_layout":"default_layout","footnotes":""},"categories":[5],"tags":[],"class_list":["post-32544","post","type-post","status-publish","format-standard","hentry","category-politik-wirtschaft"],"_links":{"self":[{"href":"https:\/\/hier-luebeck.de\/index.php\/wp-json\/wp\/v2\/posts\/32544","targetHints":{"allow":["GET"]}}],"collection":[{"href":"https:\/\/hier-luebeck.de\/index.php\/wp-json\/wp\/v2\/posts"}],"about":[{"href":"https:\/\/hier-luebeck.de\/index.php\/wp-json\/wp\/v2\/types\/post"}],"author":[{"embeddable":true,"href":"https:\/\/hier-luebeck.de\/index.php\/wp-json\/wp\/v2\/users\/3"}],"replies":[{"embeddable":true,"href":"https:\/\/hier-luebeck.de\/index.php\/wp-json\/wp\/v2\/comments?post=32544"}],"version-history":[{"count":0,"href":"https:\/\/hier-luebeck.de\/index.php\/wp-json\/wp\/v2\/posts\/32544\/revisions"}],"wp:attachment":[{"href":"https:\/\/hier-luebeck.de\/index.php\/wp-json\/wp\/v2\/media?parent=32544"}],"wp:term":[{"taxonomy":"category","embeddable":true,"href":"https:\/\/hier-luebeck.de\/index.php\/wp-json\/wp\/v2\/categories?post=32544"},{"taxonomy":"post_tag","embeddable":true,"href":"https:\/\/hier-luebeck.de\/index.php\/wp-json\/wp\/v2\/tags?post=32544"}],"curies":[{"name":"wp","href":"https:\/\/api.w.org\/{rel}","templated":true}]}}