{"id":32551,"date":"2011-05-04T08:32:13","date_gmt":"2011-05-04T06:32:13","guid":{"rendered":"http:\/\/www.hier-luebeck.de\/?p=32551"},"modified":"2011-05-04T08:32:13","modified_gmt":"2011-05-04T06:32:13","slug":"hebammenstreik-nordelbische-kirche-unterstutzt-proteste","status":"publish","type":"post","link":"https:\/\/hier-luebeck.de\/index.php\/hebammenstreik-nordelbische-kirche-unterstutzt-proteste\/","title":{"rendered":"Hebammenstreik &#8211; Nordelbische Kirche unterst\u00fctzt Proteste"},"content":{"rendered":"<p>Kiel (frb). Gothart Magaard, Bischofsbevollm\u00e4chtigter im Sprengel Schleswig und Holstein, und Annette Pawelitzki, Pressesprecherin des Nordelbischen Frauenwerkes, werden am kommenden Donnerstag (5. Mai) den Demonstrationszug der schleswig-holsteinischen Hebammen begleiten. Auf Einladung des Hebammenverbandes wird der Bischofsbevollm\u00e4chtigte auch vor dem Kieler Landeshaus zu den Demonstranten sprechen. <!--more--><\/p>\n<p>&#8222;Wir haben bereits seit l\u00e4ngerem die gro\u00dfe Sorge, dass die fl\u00e4chendeckende Versorgung von Frauen, Kindern und Familien unter der Geburt durch die schlechte Arbeitssituation der freiberuflichen Hebammen gef\u00e4hrdet ist&#8220;, erkl\u00e4rte Gothart Magaard das Engagement der Nordelbischen Kirche f\u00fcr die Hebammen im Vorfeld der Aktion am Donnerstag. &#8222;Und es ist uns nicht gleichg\u00fcltig, wie Kinder in unserem Land das Licht der Welt erblicken.&#8220; Im vergangenen Herbst habe er deshalb bereits an den Sozialausschuss des Landes Schleswig-Holstein geschrieben und mit einzelnen Vertreterinnen und Vertretern der Landespolitik gesprochen.<\/p>\n<p>Die Sprecherin des Nordelbischen Frauenwerkes, Annette Pawelitzki, sagte: &#8222;Leben auf die Welt zu bringen und dabei zu unterst\u00fctzen, ist von alters her eine Aufgabe von Frauen. Leider wird diese T\u00e4tigkeit, wie viele andere Arbeitsbereiche von Frauen auch, sehr schlecht bezahlt.&#8220; &#8222;Dass die T\u00e4tigkeit von freiberuflichen Hebammen durch den \u00fcberproportionalen Anstieg der Berufshaftpflichtversicherung teilweise unm\u00f6glich gemacht werde, sei jedoch schlichtweg ein Skandal.<br \/>\nAus diesem Grund unterst\u00fctze das Nordelbische Frauenwerk die Proteste der Hebammen&#8220;, so Pawelitzki.<\/p>\n<p>Auch die Nordelbische Synode hat in einer Stellungnahme vom 20. November 2010 zum Ausdruck gebracht, dass eine ausreichende F\u00fcrsorge der Frauen und Kindern durch eine ihnen vertraute Hebamme weiterhin gew\u00e4hrleistet bleiben muss.<br \/>\n&#8222;Mit unserer Teilnahme an dem Demonstrationszug m\u00f6chten wir den Hebammen zeigen, dass uns ihre Arbeit wichtig ist und wir gr\u00f6\u00dften Wert darauf legen, dass sie ihre umfassende Begleitung von M\u00fcttern und Kindern unter guten Arbeitsbedingungen weiterf\u00fchren k\u00f6nnen&#8220;, so der Bischofsbevollm\u00e4chtigte Magaard.<\/p>\n<p>Eine gemeinsame Unterschriftenaktion der Nordelbischen Kirche und der Hebammenverb\u00e4nde Schleswig-Holstein und Hamburg, die vom 6. Dezember vorigen Jahres bis zum 6. Januar  2011 durchgef\u00fchrt wurde, hatten bereits mehr als 22.000 Menschen unterst\u00fctzt. In einem Schreiben bitten die Unterzeichner Bundesgesundheitsminister Philipp R\u00f6sler, sich z\u00fcgig<br \/>\nf\u00fcr gute L\u00f6sungen im Sinne der betroffenen M\u00fctter, Kinder und Hebammen einzusetzen. Die Unterschriften sollen noch im Mai 2011 von Vertretern der Nordelbischen Kirche und des Hebammenverbandes Schleswig-Holstein an Bundesgesundheitsminister Dr. Philipp R\u00f6sler in Berlin \u00fcbergeben werden. Den genauen Termin des Treffens wird der<br \/>\nBischofsbevollm\u00e4chtigte Gothart Magaard am Donnerstag (5. Mai) \u00f6ffentlich bekanntgeben.<\/p>\n","protected":false},"excerpt":{"rendered":"<p>Kiel (frb). Gothart Magaard, Bischofsbevollm\u00e4chtigter im Sprengel Schleswig und Holstein, und Annette Pawelitzki, Pressesprecherin des Nordelbischen Frauenwerkes, werden am kommenden<\/p>\n","protected":false},"author":3,"featured_media":0,"comment_status":"open","ping_status":"open","sticky":false,"template":"","format":"standard","meta":{"colormag_page_container_layout":"default_layout","colormag_page_sidebar_layout":"default_layout","footnotes":""},"categories":[20],"tags":[],"class_list":["post-32551","post","type-post","status-publish","format-standard","hentry","category-besondere-neuigkeiten"],"_links":{"self":[{"href":"https:\/\/hier-luebeck.de\/index.php\/wp-json\/wp\/v2\/posts\/32551","targetHints":{"allow":["GET"]}}],"collection":[{"href":"https:\/\/hier-luebeck.de\/index.php\/wp-json\/wp\/v2\/posts"}],"about":[{"href":"https:\/\/hier-luebeck.de\/index.php\/wp-json\/wp\/v2\/types\/post"}],"author":[{"embeddable":true,"href":"https:\/\/hier-luebeck.de\/index.php\/wp-json\/wp\/v2\/users\/3"}],"replies":[{"embeddable":true,"href":"https:\/\/hier-luebeck.de\/index.php\/wp-json\/wp\/v2\/comments?post=32551"}],"version-history":[{"count":0,"href":"https:\/\/hier-luebeck.de\/index.php\/wp-json\/wp\/v2\/posts\/32551\/revisions"}],"wp:attachment":[{"href":"https:\/\/hier-luebeck.de\/index.php\/wp-json\/wp\/v2\/media?parent=32551"}],"wp:term":[{"taxonomy":"category","embeddable":true,"href":"https:\/\/hier-luebeck.de\/index.php\/wp-json\/wp\/v2\/categories?post=32551"},{"taxonomy":"post_tag","embeddable":true,"href":"https:\/\/hier-luebeck.de\/index.php\/wp-json\/wp\/v2\/tags?post=32551"}],"curies":[{"name":"wp","href":"https:\/\/api.w.org\/{rel}","templated":true}]}}