{"id":32611,"date":"2011-05-05T08:45:26","date_gmt":"2011-05-05T06:45:26","guid":{"rendered":"http:\/\/www.hier-luebeck.de\/?p=32611"},"modified":"2011-05-05T08:45:26","modified_gmt":"2011-05-05T06:45:26","slug":"keine-weiteren-kurzungen-im-kulturetatdialog-ohne-denkverbote-klug-ladt-zur-kultur-konferenz-auf-schloss-gottorf","status":"publish","type":"post","link":"https:\/\/hier-luebeck.de\/index.php\/keine-weiteren-kurzungen-im-kulturetatdialog-ohne-denkverbote-klug-ladt-zur-kultur-konferenz-auf-schloss-gottorf\/","title":{"rendered":"Keine weiteren K\u00fcrzungen im Kulturetat:Dialog ohne Denkverbote &#8211; Klug l\u00e4dt zur Kultur-Konferenz auf Schloss Gottorf"},"content":{"rendered":"<p>SCHLESWIG. \u201eDer Kulturhaushalt des Landes Schleswig-Holstein muss von weiteren K\u00fcrzungen verschont werden. Der Kulturhaushalt hat nach meiner festen \u00dcberzeugung seinen Beitrag zur Konsolidierung des Landesetats bereits erbracht.\u201c Das sagte gestern Kulturminister Dr. Ekkehard Klug vor 120 Kulturverantwortlichen und Kulturschaffenden des Landes Schleswig-Holstein auf Schloss Gottorf in Schleswig. Der Minister hatte zu diesem Kultur-Kongress eingeladen, um den kulturpolitischen Dialog zu f\u00f6rdern und mit den Kulturschaffenden gemeinsam die M\u00f6glichkeiten von Kulturf\u00f6rderung in Zeiten knapper Kassen zu er\u00f6rtern.<!--more--><\/p>\n<p>\u201eIch wei\u00df, dass die Zeit daf\u00fcr mehr als reif ist\u201c, sagte Klug und betonte, auch er h\u00e4tte sich gew\u00fcnscht, dass \u201edie Rahmenbedingungen bei meinem Amtsantritt finanziell solider gewesen w\u00e4ren\u201c. Umso wichtiger sei es heute, Klarheit dar\u00fcber zu schaffen, wohin sich die Kulturf\u00f6rderung bewegen m\u00fcsse. \u201eWir m\u00fcssen jede Chance nutzen, Anspr\u00fcche und Nutzen von Kultur deutlich zu machen\u201c, sagte er. Es m\u00fcsse m\u00f6glichst einen Konsens dar\u00fcber geben, wie die verbleibenden Mittel optimal eingesetzt werden sollten.  Der Kulturminister hofft, dass von dem Kultur-Kongress auf Schloss Gottorf ein Impuls f\u00fcr T\u00e4tigkeiten auf allen Ebenen ausgeht. Klar sei jedenfalls, dass vor dem Hintergrund endlicher Ressourcen andere Wege gegangen werden m\u00fcssten, wenn man die in den vorhandenen Strukturen geleistete Arbeit fortf\u00fchren wolle.<\/p>\n<p>Klug stellte den Kongress-Teilnehmern die f\u00fcnf Kernthesen seiner Kulturpolitik vor:<\/p>\n<p>Kulturelle Infrastruktur sichern,<br \/>\nkulturelle Jugendbildung st\u00e4rken,<br \/>\nKultur als Standortfaktor weiterentwickeln,<br \/>\nden K\u00fcnsten Raum geben<br \/>\ndie Kulturf\u00f6rderung als Querschnitts- und Steuerungsaufgabe begreifen.<\/p>\n<p>Kultur sei kein Selbstzweck, betonte der Minister und hob die Bedeutung kultureller Arbeit auf unterschiedlichen Gebieten hervor: Kulturelle Bildung trage zur Innovationsf\u00e4higkeit des Landes bei. Kunst und Kultur transportierten nicht nur regionale Identit\u00e4t und f\u00f6rderten das kreative Potenzial unserer Gesellschaft sondern sie seien auch ein wichtiger Wirtschaftsfaktor. Klug dankte den Institutionen und den vielen ehrenamtlich Engagierten f\u00fcr ihre kreative, konstruktive und professionelle Arbeit und er sagte weiter: \u201eDer  Kulturhaushalt darf nicht weiter schrumpfen. Mit den gegenw\u00e4rtigen Sparma\u00dfnahmen hat er seinen Beitrag zur Konsolidierung erbracht. Das war und ist schmerzhaft. Weitere K\u00fcrzungen, die dar\u00fcber noch hinausgehen w\u00fcrden, sind nicht verantwortbar.\u201c<\/p>\n<p>Klug betonte, die Kultur-Konferenz auf Schloss Gottorf verstehe er als Einstieg in einen Dialog \u201eohne Denkverbote und gegenseitige Rechtfertigungen\u201c. \u201eDieser offene Dialog soll und muss nat\u00fcrlich \u00fcber den heutigen Tag hinausgehen\u201c, sagte der Kulturminister. Die Konferenz formuliere schon einmal die aus seiner Sicht wichtigen Leitfragen und setze Themen:<\/p>\n<p>Wie k\u00f6nnen die Kerne kulturpolitischer Infrastruktur auch bei knappen Ressourcen intakt bleiben?<\/p>\n<p>Wie verst\u00e4ndigen sich Land und Kommunen mit den Kulturinstitutionen und -verb\u00e4nden auf das Unabdingbare?<\/p>\n<p>Schulen sind wichtige Partner f\u00fcr kulturelle Grundlagenbildung.<\/p>\n<p>Wie kann der Kulturbereich st\u00e4rker intelligente Allianzen mit anderen Politikfeldern schmieden?<\/p>\n<p>Das Land bietet Kulturtr\u00e4gern Planungssicherheit, im Gegensatz erh\u00f6hen diese ihre eigenwirtschaftliche Orientierung.<\/p>\n<p>Der Minister k\u00fcndigte an, er werde Landesregierung und Parlament auf Basis des Austausches, der auf Schloss Gottorf begonnen hat, Vorschl\u00e4ge f\u00fcr die Kulturf\u00f6rderung der Zukunft unterbreiten. \u201eNiemand w\u00fcrde einer Kulturpolitik nach Kassenlage zustimmen. Wir m\u00fcssen einen Weg finden, der weder die staatliche Verantwortung noch die staatliche Leistungsf\u00e4higkeit in Frage stellt&#8220;, sagte Kulturminister Dr. Ekkehard Klug.<\/p>\n","protected":false},"excerpt":{"rendered":"<p>SCHLESWIG. \u201eDer Kulturhaushalt des Landes Schleswig-Holstein muss von weiteren K\u00fcrzungen verschont werden. Der Kulturhaushalt hat nach meiner festen \u00dcberzeugung seinen<\/p>\n","protected":false},"author":3,"featured_media":0,"comment_status":"open","ping_status":"open","sticky":false,"template":"","format":"standard","meta":{"colormag_page_container_layout":"default_layout","colormag_page_sidebar_layout":"default_layout","footnotes":""},"categories":[5],"tags":[],"class_list":["post-32611","post","type-post","status-publish","format-standard","hentry","category-politik-wirtschaft"],"_links":{"self":[{"href":"https:\/\/hier-luebeck.de\/index.php\/wp-json\/wp\/v2\/posts\/32611","targetHints":{"allow":["GET"]}}],"collection":[{"href":"https:\/\/hier-luebeck.de\/index.php\/wp-json\/wp\/v2\/posts"}],"about":[{"href":"https:\/\/hier-luebeck.de\/index.php\/wp-json\/wp\/v2\/types\/post"}],"author":[{"embeddable":true,"href":"https:\/\/hier-luebeck.de\/index.php\/wp-json\/wp\/v2\/users\/3"}],"replies":[{"embeddable":true,"href":"https:\/\/hier-luebeck.de\/index.php\/wp-json\/wp\/v2\/comments?post=32611"}],"version-history":[{"count":0,"href":"https:\/\/hier-luebeck.de\/index.php\/wp-json\/wp\/v2\/posts\/32611\/revisions"}],"wp:attachment":[{"href":"https:\/\/hier-luebeck.de\/index.php\/wp-json\/wp\/v2\/media?parent=32611"}],"wp:term":[{"taxonomy":"category","embeddable":true,"href":"https:\/\/hier-luebeck.de\/index.php\/wp-json\/wp\/v2\/categories?post=32611"},{"taxonomy":"post_tag","embeddable":true,"href":"https:\/\/hier-luebeck.de\/index.php\/wp-json\/wp\/v2\/tags?post=32611"}],"curies":[{"name":"wp","href":"https:\/\/api.w.org\/{rel}","templated":true}]}}