{"id":32832,"date":"2011-05-09T10:38:39","date_gmt":"2011-05-09T08:38:39","guid":{"rendered":"http:\/\/www.hier-luebeck.de\/?p=32832"},"modified":"2011-05-09T10:38:39","modified_gmt":"2011-05-09T08:38:39","slug":"in-100-tagen-durch-sudosteuropa","status":"publish","type":"post","link":"https:\/\/hier-luebeck.de\/index.php\/in-100-tagen-durch-sudosteuropa\/","title":{"rendered":"In 100 Tagen durch S\u00fcdosteuropa"},"content":{"rendered":"<p>Am Dienstag den 17.05.2011 findet um 19.00 Uhr im Blauen Engel, Clemensstr. 8, der Radreisevortrag &#8222;In 100 Tagen durch S\u00fcdosteuropa&#8220; statt. Dennis Boldt, 25 Jahre und Informatikstudent an der Universit\u00e4t zu L\u00fcbeck, berichtet dabei von seiner ersten gro\u00dfen Fahrradreise voller Erlebnisse und Eindr\u00fccke, welche ihn im Sommer 2010 etwa 5.000 Kilometer durch 13 europ\u00e4ische L\u00e4nder f\u00fchrte:<!--more--><\/p>\n<p>In Zakopane\/Polen gestartet, f\u00fchrte die Tour von Dennis Boldt mit seiner besten Freundin Anastasija Isidorova durch die Tatra nach Siebenb\u00fcrgen und schlie\u00dflich entlang des Schwarzen Meers \u00fcber den Bosporus bis an das Mittelmeer. Der R\u00fcckweg f\u00fchrte entlang der Mittelmeerk\u00fcste durch die atemberaubende Landschaft der Balkanhalbinsel, um die Alpen herum zur\u00fcck nach Zakopane. Gegens\u00e4tzlicher konnte die Tour kaum sein: Von fast W\u00fcste bis fast Regenwald, von 40\u00b0C bis zu 0\u00b0C, von absolut flachem Land bis zu schneebedeckten Bergen und der kulturelle Schock der islamischen Welt.<\/p>\n<p>Lassen Sie sich mitnehmen auf eine faszinierende Reise mit atemberaubenden Bildern aus der Natur, der Tierwelt, dem Reiseleben und geschichtlichen Hintergr\u00fcnden.<\/p>\n<p>Der Eintritt ist frei.<\/p>\n","protected":false},"excerpt":{"rendered":"<p>Am Dienstag den 17.05.2011 findet um 19.00 Uhr im Blauen Engel, Clemensstr. 8, der Radreisevortrag &#8222;In 100 Tagen durch S\u00fcdosteuropa&#8220;<\/p>\n","protected":false},"author":3,"featured_media":0,"comment_status":"open","ping_status":"open","sticky":false,"template":"","format":"standard","meta":{"colormag_page_container_layout":"default_layout","colormag_page_sidebar_layout":"default_layout","footnotes":""},"categories":[13],"tags":[],"class_list":["post-32832","post","type-post","status-publish","format-standard","hentry","category-veranstaltungen"],"_links":{"self":[{"href":"https:\/\/hier-luebeck.de\/index.php\/wp-json\/wp\/v2\/posts\/32832","targetHints":{"allow":["GET"]}}],"collection":[{"href":"https:\/\/hier-luebeck.de\/index.php\/wp-json\/wp\/v2\/posts"}],"about":[{"href":"https:\/\/hier-luebeck.de\/index.php\/wp-json\/wp\/v2\/types\/post"}],"author":[{"embeddable":true,"href":"https:\/\/hier-luebeck.de\/index.php\/wp-json\/wp\/v2\/users\/3"}],"replies":[{"embeddable":true,"href":"https:\/\/hier-luebeck.de\/index.php\/wp-json\/wp\/v2\/comments?post=32832"}],"version-history":[{"count":0,"href":"https:\/\/hier-luebeck.de\/index.php\/wp-json\/wp\/v2\/posts\/32832\/revisions"}],"wp:attachment":[{"href":"https:\/\/hier-luebeck.de\/index.php\/wp-json\/wp\/v2\/media?parent=32832"}],"wp:term":[{"taxonomy":"category","embeddable":true,"href":"https:\/\/hier-luebeck.de\/index.php\/wp-json\/wp\/v2\/categories?post=32832"},{"taxonomy":"post_tag","embeddable":true,"href":"https:\/\/hier-luebeck.de\/index.php\/wp-json\/wp\/v2\/tags?post=32832"}],"curies":[{"name":"wp","href":"https:\/\/api.w.org\/{rel}","templated":true}]}}