{"id":32834,"date":"2011-05-09T10:41:10","date_gmt":"2011-05-09T08:41:10","guid":{"rendered":"http:\/\/www.hier-luebeck.de\/?p=32834"},"modified":"2011-05-09T10:41:10","modified_gmt":"2011-05-09T08:41:10","slug":"erfolgreicher-parteitag-der-linken-lubeck","status":"publish","type":"post","link":"https:\/\/hier-luebeck.de\/index.php\/erfolgreicher-parteitag-der-linken-lubeck\/","title":{"rendered":"Erfolgreicher Parteitag der Linken L\u00fcbeck"},"content":{"rendered":"<p>Am 8. Mai 2011 traf DIE LINKE. L\u00fcbeck zum ihrem Parteitag zusammen.<\/p>\n<p>Themen waren neben der Neuwahl der Delegierten zum Landesparteitag und dem Bericht des Vorstandes auch die Debatten um den Zustand der Linken in L\u00fcbeck, Perspektiven und die zuk\u00fcnftige Aufstellung. Dazu geh\u00f6rt die Ausrichtung f\u00fcr die anstehenden Landtagswahlen.<!--more--><\/p>\n<p>Nach Vorstellung und Diskussion wurde auf dem Parteitag von DIE LINKE. L\u00fcbeck ein Leitantrag beschlossen, der die Richtung und Arbeitsweise der Partei f\u00fcr die kommenden Monate vorgeben soll.<\/p>\n<p>Au\u00dferdem soll es Veranstaltungen der Linken zu verschiedenen Themenbereichen in unmittelbarer zukunft geben.<\/p>\n<p>Am 18. Mai ist die Vorsitzende der Linksfraktion in Schleswig-Holstein, Ranka Prante, bei Antje Jansen in L\u00fcbeck zum Thema Erneuerbare Energien zu Gast, am 6. Juni kommen Sahra Wagenknecht und Wolfgang Neskovic zum Thema &#8222;Der Sozialstaat und die Wirtschaftskrise&#8220; zu einer Varanstaltung, am 20 . Juni schlie\u00dft sich der Kreis mit einer Veranstaltung mit der migrationspolitischen Sprecherin der Bundestagsfraktion der Linken, Sevim Dagdelen in L\u00fcbeck an. Dar\u00fcber hinaus wird es eine Filmveranstaltung zu und \u00fcber den k\u00fcrzlich verstorbenen Antifaschisten Fritz Bringmann geben, den der L\u00fcbecker Stadtverband der Linken organisiert.<\/p>\n","protected":false},"excerpt":{"rendered":"<p>Am 8. Mai 2011 traf DIE LINKE. L\u00fcbeck zum ihrem Parteitag zusammen. Themen waren neben der Neuwahl der Delegierten zum<\/p>\n","protected":false},"author":3,"featured_media":0,"comment_status":"open","ping_status":"open","sticky":false,"template":"","format":"standard","meta":{"colormag_page_container_layout":"default_layout","colormag_page_sidebar_layout":"default_layout","footnotes":""},"categories":[5],"tags":[],"class_list":["post-32834","post","type-post","status-publish","format-standard","hentry","category-politik-wirtschaft"],"_links":{"self":[{"href":"https:\/\/hier-luebeck.de\/index.php\/wp-json\/wp\/v2\/posts\/32834","targetHints":{"allow":["GET"]}}],"collection":[{"href":"https:\/\/hier-luebeck.de\/index.php\/wp-json\/wp\/v2\/posts"}],"about":[{"href":"https:\/\/hier-luebeck.de\/index.php\/wp-json\/wp\/v2\/types\/post"}],"author":[{"embeddable":true,"href":"https:\/\/hier-luebeck.de\/index.php\/wp-json\/wp\/v2\/users\/3"}],"replies":[{"embeddable":true,"href":"https:\/\/hier-luebeck.de\/index.php\/wp-json\/wp\/v2\/comments?post=32834"}],"version-history":[{"count":0,"href":"https:\/\/hier-luebeck.de\/index.php\/wp-json\/wp\/v2\/posts\/32834\/revisions"}],"wp:attachment":[{"href":"https:\/\/hier-luebeck.de\/index.php\/wp-json\/wp\/v2\/media?parent=32834"}],"wp:term":[{"taxonomy":"category","embeddable":true,"href":"https:\/\/hier-luebeck.de\/index.php\/wp-json\/wp\/v2\/categories?post=32834"},{"taxonomy":"post_tag","embeddable":true,"href":"https:\/\/hier-luebeck.de\/index.php\/wp-json\/wp\/v2\/tags?post=32834"}],"curies":[{"name":"wp","href":"https:\/\/api.w.org\/{rel}","templated":true}]}}