{"id":32836,"date":"2011-05-09T11:43:05","date_gmt":"2011-05-09T09:43:05","guid":{"rendered":"http:\/\/www.hier-luebeck.de\/?p=32836"},"modified":"2011-05-09T11:43:05","modified_gmt":"2011-05-09T09:43:05","slug":"eu-projekttag-an-schulen-staatssekretar-heinz-maurus-wirbt-fur-europa-und-fur-die-europawoche-in-schleswig-holstein","status":"publish","type":"post","link":"https:\/\/hier-luebeck.de\/index.php\/eu-projekttag-an-schulen-staatssekretar-heinz-maurus-wirbt-fur-europa-und-fur-die-europawoche-in-schleswig-holstein\/","title":{"rendered":"EU-Projekttag an Schulen: Staatssekret\u00e4r Heinz Maurus wirbt f\u00fcr Europa und f\u00fcr die Europawoche in Schleswig-Holstein"},"content":{"rendered":"<p>Staatssekret\u00e4r Heinz Maurus hat vor Sch\u00fclern des Regionalen Berufsbildungszentrums Technik Kiel f\u00fcr Europa und die europ\u00e4ische Idee geworben. &#8222;&#8220;Europa ist schon lange kein Thema mehr, das sich nur im fernen Br\u00fcssel unter anonymen B\u00fcrokraten abspielt. Nutzen Sie die Chancen, die Ihnen Europa heute schon bietet&#8220;&#8220;, sagte er heute (9. Mai) vor gut 80 Sch\u00fclerinnen und Sch\u00fclern. Anlass des Besuches war der bundesweite EU-Projekttag an deutschen Schulen, den es seit der deutschen EU-Ratspr\u00e4sidentschaft im Jahr 2007 gibt.<!--more--><\/p>\n<p>Besonders f\u00fcr die jungen Menschen sei eine gemeinsame Zukunft in der Europ\u00e4ischen Union keine Vision mehr, sondern jetzt bereits lebendiger Alltag, so Maurus weiter. Theoretische und besonders praktische Erfahrungen mit dem europ\u00e4ischen Ausland, kulturelle Kenntnisse und nat\u00fcrlich auch Sprachkenntnisse seien heute Grundvoraussetzungen beim Einstieg in die moderne Arbeitswelt.<\/p>\n<p>Der Staatsekret\u00e4r warb auch f\u00fcr die Europawoche, die noch bis zum 16. Mai zahlreiche Veranstaltungen in Schulen, Kommunen, Universit\u00e4ten und vielen anderen Einrichtungen in ganz Schleswig-Holstein anbietet. Informationen zur Europawoche im Internet: www.schleswig-holstein.de<\/p>\n","protected":false},"excerpt":{"rendered":"<p>Staatssekret\u00e4r Heinz Maurus hat vor Sch\u00fclern des Regionalen Berufsbildungszentrums Technik Kiel f\u00fcr Europa und die europ\u00e4ische Idee geworben. &#8222;&#8220;Europa ist<\/p>\n","protected":false},"author":3,"featured_media":0,"comment_status":"open","ping_status":"open","sticky":false,"template":"","format":"standard","meta":{"colormag_page_container_layout":"default_layout","colormag_page_sidebar_layout":"default_layout","footnotes":""},"categories":[5],"tags":[],"class_list":["post-32836","post","type-post","status-publish","format-standard","hentry","category-politik-wirtschaft"],"_links":{"self":[{"href":"https:\/\/hier-luebeck.de\/index.php\/wp-json\/wp\/v2\/posts\/32836","targetHints":{"allow":["GET"]}}],"collection":[{"href":"https:\/\/hier-luebeck.de\/index.php\/wp-json\/wp\/v2\/posts"}],"about":[{"href":"https:\/\/hier-luebeck.de\/index.php\/wp-json\/wp\/v2\/types\/post"}],"author":[{"embeddable":true,"href":"https:\/\/hier-luebeck.de\/index.php\/wp-json\/wp\/v2\/users\/3"}],"replies":[{"embeddable":true,"href":"https:\/\/hier-luebeck.de\/index.php\/wp-json\/wp\/v2\/comments?post=32836"}],"version-history":[{"count":0,"href":"https:\/\/hier-luebeck.de\/index.php\/wp-json\/wp\/v2\/posts\/32836\/revisions"}],"wp:attachment":[{"href":"https:\/\/hier-luebeck.de\/index.php\/wp-json\/wp\/v2\/media?parent=32836"}],"wp:term":[{"taxonomy":"category","embeddable":true,"href":"https:\/\/hier-luebeck.de\/index.php\/wp-json\/wp\/v2\/categories?post=32836"},{"taxonomy":"post_tag","embeddable":true,"href":"https:\/\/hier-luebeck.de\/index.php\/wp-json\/wp\/v2\/tags?post=32836"}],"curies":[{"name":"wp","href":"https:\/\/api.w.org\/{rel}","templated":true}]}}