{"id":32842,"date":"2011-05-09T12:33:34","date_gmt":"2011-05-09T10:33:34","guid":{"rendered":"http:\/\/www.hier-luebeck.de\/?p=32842"},"modified":"2011-05-11T08:49:01","modified_gmt":"2011-05-11T06:49:01","slug":"bestattung-im-wald-weltraum-und-anderswo","status":"publish","type":"post","link":"https:\/\/hier-luebeck.de\/index.php\/bestattung-im-wald-weltraum-und-anderswo\/","title":{"rendered":"Bestattung im Wald, Weltraum und anderswo"},"content":{"rendered":"<h2><span style=\"font-family: CorpoS;\"><strong> <\/strong><\/span><br \/>\n<span><\/span><span style=\"font-family: CorpoS;\"><em>Veranstaltung f\u00fcr Seniorinnen und Senioren am kommenden Montag, 16. Mai 2011<\/em><\/span><\/h2>\n<p><a name=\"Text\"><\/a><span style=\"font-family: CorpoS;\">Bei der n\u00e4chsten Veranstaltung der Vortragsreihe \u201eMan lernt nie aus \u2013 Informationen f\u00fcr Seniorinnen und Senioren\u201c geht es um die Frage, ob die Bestattung auf dem Friedhof noch zeitgem\u00e4\u00df ist? Dipl.-Ing. agr. Katrin Baumann vom Friedhofsg\u00e4rtner L\u00fcbeck eG referiert und beantwortet die Fragen zur heutigen Trauer- und Bestattungskultur. <!--more--><\/span><\/p>\n<p><span style=\"font-family: CorpoS;\">Das hat jetzt Sven Schindler, Senator f\u00fcr Wirtschaft und Soziales mitgeteilt. Die der von der Hansestadt L\u00fcbeck, Bereich Soziale Sicherung, durchgef\u00fchrte Veranstaltung ist am Montag, 16. Mai 2011 um 10 Uhr im Senioren-Treff &#8211; Heiligen-Geist-Hospital, Eingang Koberg 11.<\/span><\/p>\n<p><span style=\"font-family: CorpoS;\">Interessierte Seniorinnen und Senioren sind hierzu herzlich eingeladen. <\/span><\/p>\n","protected":false},"excerpt":{"rendered":"<p>Veranstaltung f\u00fcr Seniorinnen und Senioren am kommenden Montag, 16. Mai 2011 Bei der n\u00e4chsten Veranstaltung der Vortragsreihe \u201eMan lernt nie<\/p>\n","protected":false},"author":3,"featured_media":0,"comment_status":"open","ping_status":"open","sticky":false,"template":"","format":"standard","meta":{"colormag_page_container_layout":"default_layout","colormag_page_sidebar_layout":"default_layout","footnotes":""},"categories":[20],"tags":[],"class_list":["post-32842","post","type-post","status-publish","format-standard","hentry","category-besondere-neuigkeiten"],"_links":{"self":[{"href":"https:\/\/hier-luebeck.de\/index.php\/wp-json\/wp\/v2\/posts\/32842","targetHints":{"allow":["GET"]}}],"collection":[{"href":"https:\/\/hier-luebeck.de\/index.php\/wp-json\/wp\/v2\/posts"}],"about":[{"href":"https:\/\/hier-luebeck.de\/index.php\/wp-json\/wp\/v2\/types\/post"}],"author":[{"embeddable":true,"href":"https:\/\/hier-luebeck.de\/index.php\/wp-json\/wp\/v2\/users\/3"}],"replies":[{"embeddable":true,"href":"https:\/\/hier-luebeck.de\/index.php\/wp-json\/wp\/v2\/comments?post=32842"}],"version-history":[{"count":0,"href":"https:\/\/hier-luebeck.de\/index.php\/wp-json\/wp\/v2\/posts\/32842\/revisions"}],"wp:attachment":[{"href":"https:\/\/hier-luebeck.de\/index.php\/wp-json\/wp\/v2\/media?parent=32842"}],"wp:term":[{"taxonomy":"category","embeddable":true,"href":"https:\/\/hier-luebeck.de\/index.php\/wp-json\/wp\/v2\/categories?post=32842"},{"taxonomy":"post_tag","embeddable":true,"href":"https:\/\/hier-luebeck.de\/index.php\/wp-json\/wp\/v2\/tags?post=32842"}],"curies":[{"name":"wp","href":"https:\/\/api.w.org\/{rel}","templated":true}]}}