{"id":33359,"date":"2011-05-14T01:19:15","date_gmt":"2011-05-13T23:19:15","guid":{"rendered":"http:\/\/www.hier-luebeck.de\/?p=33359"},"modified":"2011-05-14T01:19:15","modified_gmt":"2011-05-13T23:19:15","slug":"machtkampf-in-der-frauen-union","status":"publish","type":"post","link":"https:\/\/hier-luebeck.de\/index.php\/machtkampf-in-der-frauen-union\/","title":{"rendered":"Machtkampf in der Frauen Union"},"content":{"rendered":"<p>Der diesj\u00e4hrige Delegiertentag der  Frauen Union, der am 14. Mai ab 9.30 Uhr in den Holstenhallen, Neum\u00fcnster,  stattfindet, wird einen Machtkampf um den Landesvorsitz erleben. Gegen die zur  Wiederwahl stehende Landesvorsitzende Karin Wiedemann kandidiert ihre  Stellvertreterin Katja Rathje-Hoffmann. G\u00e4ste sind die Bundesvorsitzende der  Frauen Union, Prof. Dr. Maria B\u00f6hmer, die FU-Bundesgesch\u00e4ftsf\u00fchrerin Claudia  Hassenbach und der Landesvorsitzende und Spitzenkandidat der CDU, Dr. Christian  von Boetticher.<!--more-->Karin Wiedemann erkl\u00e4rt dazu: \u201eIch  stelle mich erneut der Wiederwahl in der Gewissheit, dass unsere Delegierten  Leistungen und Engagement der letzten 10 Jahre w\u00fcrdigen  werden.\u201c<\/p>\n<p>Karin Wiedemann hat seit genau 10  Jahren die Frauen Union als unabh\u00e4ngige Vereinigung mit eigenen Themen und dem  Blick auf spezifisch weibliche Interessen gepr\u00e4gt. Fr\u00fchzeitig &#8211; weit vor der  allgemeinen Akzeptanz des Themas &#8211; forderte die Frauen Union unter ihrer F\u00fchrung  verst\u00e4rkte Sorgfalt auf die fr\u00fchkindliche F\u00f6rderung, k\u00e4mpfte gegen die  Medienverwahrlosung von Kindern und Jugendlichen, f\u00fcr bessere Ausbildung der  Erzieherinnen und machte auf das Problem der Teenagerschwangerschaften und ihre  sozialen Hintergr\u00fcnde aufmerksam. Europapolitik f\u00fcr Frauen war ein immer wieder  aktualisiertes Thema. Dass Frauen gleichen Lohn f\u00fcr gleiche Arbeit und faire  Aufstiegschancen in Politik und Wirtschaft haben m\u00fcssen, ist ein nach wie vor  unerf\u00fclltes Ziel f\u00fcr das Wiedemann sich vehement einsetzt.<\/p>\n<p>Nicht \u00fcberall im Lande f\u00fcr ihr  Streben nach tats\u00e4chlicher Gleichstellung geliebt, aber in ihrer  Eigenst\u00e4ndigkeit respektiert, hat sich unter ihrer F\u00fchrung die Frauen Union  unseres kleinen Landes Schleswig-Holsteins auf Bundesebene hohe Akzeptanz  erarbeitet. Als Bundeskoordinatorin des Mentoringprogramms und Mitgestalterin  der Virtuellen Akademie entwickelte sie beispielhafte und vielbeachtete neue  Instrumente, um Frauen k\u00fcnftig den Weg auch in die politischen Spitzen\u00e4mter zu  erleichtern. In Schleswig-Holstein f\u00fchrt Karin Wiedemann das Mentoringprogramm  derzeit zum dritten Mal durch. Dessen begleitendes Fortbildungsprogramm sucht an  Umfang und Tiefe seinesgleichen und wird bundesweit als beispielhaft  betrachtet.<\/p>\n<p>Das von ihr 2001 ins Leben gerufene  \u201eHexenblatt\u201c, genannt nach den weisen, heilkundigen Frauen der fr\u00fchen Neuzeit,  die ihres Wissens und ihrer freien Denkweise wegen verfolgt wurden, ist ein  ungew\u00f6hnliches Parteiblatt, das \u00fcber das Tagesgesch\u00e4ft hinaus blickt und Wissen  aus politischen und gesellschaftlichen Bereichen vermittelt und zum Weiterdenken  anregt.<\/p>\n<p>Karin  Wiedemann:<\/p>\n<p>\u201eDie begonnenen Projekte sind  keineswegs ausgereizt und haben viel Potential. Ihre Entwicklung will ich den  kommenden Jahren fortsetzen und auch weiterhin thematische Anregungen und  Informationen f\u00fcr die Arbeit der Orts- und Kreisverb\u00e4nde geben. Dabei gilt es,  das hohe Gut der Unabh\u00e4ngigkeit unserer Vereinigung von Fraktion und Partei zu  bewahren, um den frauenpolitischen Interessen Priorit\u00e4t  einzur\u00e4umen.\u201c<\/p>\n","protected":false},"excerpt":{"rendered":"<p>Der diesj\u00e4hrige Delegiertentag der Frauen Union, der am 14. Mai ab 9.30 Uhr in den Holstenhallen, Neum\u00fcnster, stattfindet, wird einen<\/p>\n","protected":false},"author":3,"featured_media":0,"comment_status":"open","ping_status":"open","sticky":false,"template":"","format":"standard","meta":{"colormag_page_container_layout":"default_layout","colormag_page_sidebar_layout":"default_layout","footnotes":""},"categories":[5],"tags":[],"class_list":["post-33359","post","type-post","status-publish","format-standard","hentry","category-politik-wirtschaft"],"_links":{"self":[{"href":"https:\/\/hier-luebeck.de\/index.php\/wp-json\/wp\/v2\/posts\/33359","targetHints":{"allow":["GET"]}}],"collection":[{"href":"https:\/\/hier-luebeck.de\/index.php\/wp-json\/wp\/v2\/posts"}],"about":[{"href":"https:\/\/hier-luebeck.de\/index.php\/wp-json\/wp\/v2\/types\/post"}],"author":[{"embeddable":true,"href":"https:\/\/hier-luebeck.de\/index.php\/wp-json\/wp\/v2\/users\/3"}],"replies":[{"embeddable":true,"href":"https:\/\/hier-luebeck.de\/index.php\/wp-json\/wp\/v2\/comments?post=33359"}],"version-history":[{"count":0,"href":"https:\/\/hier-luebeck.de\/index.php\/wp-json\/wp\/v2\/posts\/33359\/revisions"}],"wp:attachment":[{"href":"https:\/\/hier-luebeck.de\/index.php\/wp-json\/wp\/v2\/media?parent=33359"}],"wp:term":[{"taxonomy":"category","embeddable":true,"href":"https:\/\/hier-luebeck.de\/index.php\/wp-json\/wp\/v2\/categories?post=33359"},{"taxonomy":"post_tag","embeddable":true,"href":"https:\/\/hier-luebeck.de\/index.php\/wp-json\/wp\/v2\/tags?post=33359"}],"curies":[{"name":"wp","href":"https:\/\/api.w.org\/{rel}","templated":true}]}}