{"id":33788,"date":"2011-05-20T08:00:57","date_gmt":"2011-05-20T06:00:57","guid":{"rendered":"http:\/\/www.hier-luebeck.de\/?p=33788"},"modified":"2011-05-19T11:47:25","modified_gmt":"2011-05-19T09:47:25","slug":"kappelner-heringstage-vom-2-bis-5-juni-willkommen-zur-funften-jahreszeit-am-ostseefjord-schlei","status":"publish","type":"post","link":"https:\/\/hier-luebeck.de\/index.php\/kappelner-heringstage-vom-2-bis-5-juni-willkommen-zur-funften-jahreszeit-am-ostseefjord-schlei\/","title":{"rendered":"Kappelner Heringstage vom 2. bis 5. Juni: Willkommen zur f\u00fcnften Jahreszeit am Ostseefjord Schlei"},"content":{"rendered":"<p>FOTO: Kappelner Heringstage \/ Stadt Kappeln<\/p>\n<p>Am Himmelfahrtstag, dem 2. Juni, beginnt in Kappeln die f\u00fcnfte Jahreszeit: Bis zum 5. Juni werden in der liebenswerten Hafenstadt am Ostseefjord Schlei die 33. Kappelner Heringstage gefeiert \u2013 ein gro\u00dfes maritimes Volksfest f\u00fcr die ganze Familie. Besucher der Heringstage  erwartet auf der langen Hafenpromenade und in der sch\u00f6nen Altstadt ein abwechslungsreiches Programm mit Live-Musik, Entertainment und Clownerie auf drei B\u00fchnen.<!--more--> Zahlreiche H\u00e4ndler bieten dazu kulinarische K\u00f6stlichkeiten f\u00fcr jeden Geschmack. Zu den H\u00f6hepunkten der Heringstage z\u00e4hlt ein gro\u00dfes Feuerwerk am sp\u00e4ten Freitagabend. Und zum Auftakt am Himmelfahrtstag wird bei der traditionsreichen Heringswette das Heringsk\u00f6nigspaar gekr\u00f6nt (www.heringstage-kappeln.de).<\/p>\n<p>Es gibt ihn gebraten oder ger\u00e4uchert, gr\u00fcn oder gesalzen, als Rollmops oder im Salat: Der Hering ist in Kappeln seit Jahrhunderten in aller Munde \u2013 und bis hinein ins Stadtwappen das Wahrzeichen der Stadt. Vor 33 Jahren widmete man ihm zu Ehren erstmals ein Volksfest, die Kappelner Heringstage. Seither ist die Stadt j\u00e4hrlich am langen Himmelfahrtswochenende im Heringsfieber.<\/p>\n<p>Er\u00f6ffnet werden die Heringstage traditionell mit der Heringswette an Himmelfahrt, zu der zahlreiche Prominente aus dem ganzen Norden eingeladen werden. Mit dem Seenotrettungskreuzer Nis Randers werden sie dieses Jahr am 2. Juni um 10.15 Uhr zum historischen Heringszaun \u2013 dem letzten seiner Art in Europa \u2013 geschippert und d\u00fcrfen hier ihren Tipp abgeben, wie viel Pfund Hering aktuell im Netz am Ende des h\u00f6lzernen Zauns gefangen wurden. Zur Heringsk\u00f6nigin und zum Heringsk\u00f6nig wird das Paar gek\u00fcrt, das mit seiner Sch\u00e4tzung dem tats\u00e4chlichen Fanggewicht am n\u00e4chsten kommt; auch Schleswig-Holsteins Ministerpr\u00e4sident Peter Harry Carstensen geh\u00f6rte schon zu den W\u00fcrdentr\u00e4gern!<\/p>\n<p>Die Heringswette ist Startschuss und Auftakt f\u00fcr ein hochkar\u00e4tiges Veranstaltungsprogramm. Vier Tage lang garantieren zahlreiche Vereine und Verb\u00e4nde sowie rund 100 Schausteller und Markth\u00e4ndler in Kappeln f\u00fcr ein abwechslungsreiches Angebot. Neben viel Vergn\u00fcgen bieten die Heringstage auch ein reiches kulturelles und kulinarisches Programm f\u00fcr ein breites Publikum. Auf den drei B\u00fchnen am S\u00fcdhafen, am Nordhafen und auf dem Deekelsenplatz im Stadtzentrum sorgen Rock- und Pop-Bands, Shanty-Ch\u00f6re und Discjockeys von fr\u00fch bis sp\u00e4t bei Besuchern jedes Alters f\u00fcr beste Stimmung. Alle Heringstage-Termine finden Interessenten im Internet unter www.heringstage-kappeln.de \u2013 oder f\u00fcr iPhones und andere mobile Endger\u00e4te unter www.mobil.heringstage-kappeln.de.<\/p>\n<p>Nat\u00fcrlich haben auch die Gesch\u00e4fte in der Kappelner Innenstadt w\u00e4hrend der Heringstage ge\u00f6ffnet. Und wer die wundersch\u00f6ne, aus der ZDF-Fernsehserie \u201eDer Landarzt\u201c als \u201eDeekelsen\u201c ber\u00fchmt gewordene Umgebung von Kappeln kennenlernen und genie\u00dfen m\u00f6chte, kann t\u00e4glich mit dem Dampfer \u201eMS Stadt Kappeln\u201c zu Schleit\u00f6rns ablegen \u2013 oder am Donnerstag und Sonntag mit der Angelner Dampfeisenbahn und dem Schaufelraddampfer \u201eSchlei Princess\u201c auf eine gro\u00dfe Erlebnisrundreise \u00fcber S\u00fcderbrarup gehen.<\/p>\n<p>F\u00fcr Besucher der Kappelner Heringstage, die mit dem Auto anreisen, stehen rund um die Veranstaltung zahlreiche Parkpl\u00e4tze bereit; von den Gro\u00dfparkpl\u00e4tzen in Kappeln-Ellenberg nahe des \u00f6stlichen Schleiufers wird w\u00e4hrend der Heringstage ein kostenfreier Shuttle-Service mit der Kappelner Bimmelbahn zur Hafenpromenade angeboten.<\/p>\n<p>Sch\u00f6ne Heringstage-Quartiere vom Hotelzimmer bis zur Ferienwohnung vermittelt die Ostseefjord Schlei GmbH. Buchungsanfragen nehmen die Urlaubsexperten aus der Touristinformation in der Kappelner M\u00fchle Amanda t\u00e4glich \u2013 auch am Wochenende! \u2013 von 9 bis 20 Uhr an der Hotline 04642\/4027 entgegen. Wissenswertes \u00fcber Kappeln und die Urlaubswelt rund um den Ostseefjord Schlei erfahren Interessenten auch unter www.ostseefjordschlei.de.<\/p>\n","protected":false},"excerpt":{"rendered":"<p>FOTO: Kappelner Heringstage \/ Stadt Kappeln Am Himmelfahrtstag, dem 2. Juni, beginnt in Kappeln die f\u00fcnfte Jahreszeit: Bis zum 5.<\/p>\n","protected":false},"author":3,"featured_media":0,"comment_status":"open","ping_status":"open","sticky":false,"template":"","format":"standard","meta":{"colormag_page_container_layout":"default_layout","colormag_page_sidebar_layout":"default_layout","footnotes":""},"categories":[13],"tags":[],"class_list":["post-33788","post","type-post","status-publish","format-standard","hentry","category-veranstaltungen"],"_links":{"self":[{"href":"https:\/\/hier-luebeck.de\/index.php\/wp-json\/wp\/v2\/posts\/33788","targetHints":{"allow":["GET"]}}],"collection":[{"href":"https:\/\/hier-luebeck.de\/index.php\/wp-json\/wp\/v2\/posts"}],"about":[{"href":"https:\/\/hier-luebeck.de\/index.php\/wp-json\/wp\/v2\/types\/post"}],"author":[{"embeddable":true,"href":"https:\/\/hier-luebeck.de\/index.php\/wp-json\/wp\/v2\/users\/3"}],"replies":[{"embeddable":true,"href":"https:\/\/hier-luebeck.de\/index.php\/wp-json\/wp\/v2\/comments?post=33788"}],"version-history":[{"count":0,"href":"https:\/\/hier-luebeck.de\/index.php\/wp-json\/wp\/v2\/posts\/33788\/revisions"}],"wp:attachment":[{"href":"https:\/\/hier-luebeck.de\/index.php\/wp-json\/wp\/v2\/media?parent=33788"}],"wp:term":[{"taxonomy":"category","embeddable":true,"href":"https:\/\/hier-luebeck.de\/index.php\/wp-json\/wp\/v2\/categories?post=33788"},{"taxonomy":"post_tag","embeddable":true,"href":"https:\/\/hier-luebeck.de\/index.php\/wp-json\/wp\/v2\/tags?post=33788"}],"curies":[{"name":"wp","href":"https:\/\/api.w.org\/{rel}","templated":true}]}}