{"id":33824,"date":"2011-05-19T15:14:26","date_gmt":"2011-05-19T13:14:26","guid":{"rendered":"http:\/\/www.hier-luebeck.de\/?p=33824"},"modified":"2011-05-19T15:14:26","modified_gmt":"2011-05-19T13:14:26","slug":"staatssekretar-ernst-wilhelm-rabius-der-wohnmobilstellplatz-an-der-schacht-audorfer-fahre-starkt-den-regionalen-tourismus-im-binnenland","status":"publish","type":"post","link":"https:\/\/hier-luebeck.de\/index.php\/staatssekretar-ernst-wilhelm-rabius-der-wohnmobilstellplatz-an-der-schacht-audorfer-fahre-starkt-den-regionalen-tourismus-im-binnenland\/","title":{"rendered":"Staatssekret\u00e4r Ernst-Wilhelm Rabius: &#8222;Der Wohnmobilstellplatz an der Schacht-Audorfer F\u00e4hre st\u00e4rkt den regionalen Tourismus im Binnenland&#8220;"},"content":{"rendered":"<p>SCHACHT-AUDORF. Staatssekret\u00e4r Ernst-Wilhelm Rabius hat heute (19. Mai) bei der Einweihung des Wohnmobilstellplatzes an der Schacht-Audorfer F\u00e4hre am Nord-Ostee-Kanal auf dessen Bedeutung f\u00fcr den regionalen Tourismus hingewiesen. &#8222;&#8220;Die bisherigen Erfahrungen mit neuen Wohnmobilstellpl\u00e4tzen am Nord-Ostsee-Kanal zeigen die au\u00dferordentlich gro\u00dfe Nachfrage. <!--more-->Dies gilt insbesondere f\u00fcr die Standorte Rendsburg und Sehestedt. Ich freue mich dar\u00fcber, dass es trotz der schwierigen Haushaltssituation gelungen ist, mit 48.000 Euro Landesgeld eine Gesamtinvestition von ungef\u00e4hr 450.000 Euro auszul\u00f6sen&#8220;&#8220;, bedankte Rabius sich insbesondere bei B\u00fcrgermeister Eckhard Reese, der sich in den letzten Jahren sehr intensiv f\u00fcr die Planung und Umsetzung des Wohnmobilstellplatzes eingesetzt habe.<br \/>\nGleichzeitig w\u00fcrdigte der Staatssekret\u00e4r das Engagement insbesondere der Wasser- und Schifffahrtsverwaltung, die Eigent\u00fcmerin der Fl\u00e4che ist und zugestanden hat, dass der Wohnmobilstellplatz mittelfristig von der Gemeinde genutzt werden kann.<br \/>\nMit dem neuen Wohnmobilstellplatz in Schacht-Audorf stehen weitere 25 Stellpl\u00e4tze f\u00fcr Wohnmobilisten am Nord-Ostsee-Kanal zur Verf\u00fcgung.<br \/>\nDie Gesamtbaukosten werden \u00fcberwiegend von der Gemeinde selbst aber auch von \u00fcbrigen Mitgliedsgemeinden des Gebietsentwicklungsplanes Lebens- und Wirtschaftsraum Rendsburg (GEP) mit getragen, die Tr\u00e4gerschaft liegt bei der Gemeinde Schacht-Audorf. Das Ministerium beteiligt sich im Rahmen der AktivRegion &#8222;Eider- und Kanalregion Rendsburg&#8220; aus Mitteln der Gemeinschaftsaufgabe zur Verbesserung der Agrarstruktur und des K\u00fcstenschutzes mit einem Zuschuss von ca. 120.000 Euro, in dem ca. 48.000 Euro Landesmittel enthalten sind<\/p>\n","protected":false},"excerpt":{"rendered":"<p>SCHACHT-AUDORF. Staatssekret\u00e4r Ernst-Wilhelm Rabius hat heute (19. Mai) bei der Einweihung des Wohnmobilstellplatzes an der Schacht-Audorfer F\u00e4hre am Nord-Ostee-Kanal auf<\/p>\n","protected":false},"author":3,"featured_media":0,"comment_status":"open","ping_status":"open","sticky":false,"template":"","format":"standard","meta":{"colormag_page_container_layout":"default_layout","colormag_page_sidebar_layout":"default_layout","footnotes":""},"categories":[20],"tags":[],"class_list":["post-33824","post","type-post","status-publish","format-standard","hentry","category-besondere-neuigkeiten"],"_links":{"self":[{"href":"https:\/\/hier-luebeck.de\/index.php\/wp-json\/wp\/v2\/posts\/33824","targetHints":{"allow":["GET"]}}],"collection":[{"href":"https:\/\/hier-luebeck.de\/index.php\/wp-json\/wp\/v2\/posts"}],"about":[{"href":"https:\/\/hier-luebeck.de\/index.php\/wp-json\/wp\/v2\/types\/post"}],"author":[{"embeddable":true,"href":"https:\/\/hier-luebeck.de\/index.php\/wp-json\/wp\/v2\/users\/3"}],"replies":[{"embeddable":true,"href":"https:\/\/hier-luebeck.de\/index.php\/wp-json\/wp\/v2\/comments?post=33824"}],"version-history":[{"count":0,"href":"https:\/\/hier-luebeck.de\/index.php\/wp-json\/wp\/v2\/posts\/33824\/revisions"}],"wp:attachment":[{"href":"https:\/\/hier-luebeck.de\/index.php\/wp-json\/wp\/v2\/media?parent=33824"}],"wp:term":[{"taxonomy":"category","embeddable":true,"href":"https:\/\/hier-luebeck.de\/index.php\/wp-json\/wp\/v2\/categories?post=33824"},{"taxonomy":"post_tag","embeddable":true,"href":"https:\/\/hier-luebeck.de\/index.php\/wp-json\/wp\/v2\/tags?post=33824"}],"curies":[{"name":"wp","href":"https:\/\/api.w.org\/{rel}","templated":true}]}}