{"id":33940,"date":"2011-05-20T19:52:13","date_gmt":"2011-05-20T17:52:13","guid":{"rendered":"http:\/\/www.hier-luebeck.de\/?p=33940"},"modified":"2011-05-20T19:52:13","modified_gmt":"2011-05-20T17:52:13","slug":"facebook-wird-zum-religionsersatz-experte-trotz-vernetzung-mehr-vereinsamung","status":"publish","type":"post","link":"https:\/\/hier-luebeck.de\/index.php\/facebook-wird-zum-religionsersatz-experte-trotz-vernetzung-mehr-vereinsamung\/","title":{"rendered":"Facebook wird zum Religionsersatz &#8211; Experte: &#8222;Trotz Vernetzung mehr Vereinsamung&#8220;"},"content":{"rendered":"<p><img loading=\"lazy\" decoding=\"async\" class=\"alignleft\" title=\"Gro\u00dfe Marken im Web 2.0: Erf\u00fcllen religi\u00f6se Funktionen\" src=\"http:\/\/www.pressetext.com\/news\/lowres\/\/20110520021\" alt=\"Gro\u00dfe Marken im Web 2.0: Erf\u00fcllen religi\u00f6se Funktionen\" width=\"261\" height=\"184\" \/>Gro\u00dfe Marken im Web 2.0: Erf\u00fcllen religi\u00f6se Funktionen &#8211; London\/Berlin\/Z\u00fcrich (pte021\/20.05.2011\/13:55) &#8211;  \t\t \t\t\t \t\t\t \t\t\t\t   \u00c4hnlich wie bereits Apple, mutiert auch Facebook immer mehr zu einem  Religionsersatz. Das behauptet der BBC-Journalist Alex Riley in seiner  Dokumentation &#8222;Secrets of the Superbrands&#8220;. Er suchte weltweit danach,  was eine Marke braucht, um zur &#8222;Superbrand&#8220; zu werden. Sie m\u00fcssen dem  Menschen den Zugang zu Sex, Religion und Tratsch erleichtern, so die  Schlussfolgerung &#8211; wof\u00fcr die Sozialen Netzwerke ein Beispiel geben.<!--more--><\/p>\n<p>Vertrauen und Kommunikation<\/p>\n<p>Freunde  und Familie seien das Geheimnis des atemberaubenden Erfolgs von  Facebook wie auch des Handys, so Riley. &#8222;Beide erm\u00f6glichen uns, unser  Grundbed\u00fcrfnis nach Kommunikation zu befriedigen. Erst dadurch gelingt  es den neuen Hightech-Marken, die Welt mit Lichtgeschwindigkeit zu  erobern&#8220;, berichtet der Journalist. Einen Nachweis f\u00fcr  Religions\u00e4hnlichkeit erbrachte er mit der funktioneller Magnetresonanz  bei Apple-Produkten. &#8222;Apple-Fanboys&#8220; zeigten bei deren Anblick \u00e4hnliche  Gehirnreaktionen wie ein Gl\u00e4ubiger bei religi\u00f6sen Symbolen.<\/p>\n<p>Die  Facebook-Religions-Diskussion ist auch im Deutschen Sprachraum bereits  gestartet. Soziale Netzwerke stellen durch Kommunikation ein  Weltvertrauen her, stellte der Berliner Kommunikationswissenschaftler  Norbert Bolz stellte unl\u00e4ngst in &#8222;The European&#8220; fest. Der Z\u00fcricher  Markenberater Stefan Vogler <a rel=\"external\" href=\"http:\/\/www.markenexperte.ch\/\" target=\"_blank\">http:\/\/www.markenexperte.ch<\/a> schlie\u00dft sich gegen\u00fcber pressetext dieser Meinung an. &#8222;Facebook  erm\u00f6glicht Kommunikation unter den Menschen und schafft Gruppen. Dass  dies weltumspannend geschieht, ist vorher keiner Technologie gelungen.&#8220;<\/p>\n<p>Menschheit nicht sozialer als zuvor<\/p>\n<p>Ein  Ersatz f\u00fcr Religion und Kirchen sei Facebook jedoch nur mit starken  Abstrichen, betont Vogler. Religion strebe stets in Richtung eines  tieferen Lebenssinns, soziale Netzwerke jedoch nicht. &#8222;Obwohl wir nun  alle technischen M\u00f6glichkeiten dazu h\u00e4tten, sind wir nicht sozialer  geworden. Jugendliche werden zu Au\u00dfenseiter, da sie nur mehr schriftlich  statt m\u00fcndlich kommunizieren. Gesellschaftlich nehmen die Vereinsamung  und das Singletum trotz sozialer Netzwerke zu &#8211; das ist paradox.&#8220;<\/p>\n","protected":false},"excerpt":{"rendered":"<p>Gro\u00dfe Marken im Web 2.0: Erf\u00fcllen religi\u00f6se Funktionen &#8211; London\/Berlin\/Z\u00fcrich (pte021\/20.05.2011\/13:55) &#8211; \u00c4hnlich wie bereits Apple, mutiert auch Facebook immer<\/p>\n","protected":false},"author":3,"featured_media":0,"comment_status":"open","ping_status":"open","sticky":false,"template":"","format":"standard","meta":{"colormag_page_container_layout":"default_layout","colormag_page_sidebar_layout":"default_layout","footnotes":""},"categories":[5],"tags":[],"class_list":["post-33940","post","type-post","status-publish","format-standard","hentry","category-politik-wirtschaft"],"_links":{"self":[{"href":"https:\/\/hier-luebeck.de\/index.php\/wp-json\/wp\/v2\/posts\/33940","targetHints":{"allow":["GET"]}}],"collection":[{"href":"https:\/\/hier-luebeck.de\/index.php\/wp-json\/wp\/v2\/posts"}],"about":[{"href":"https:\/\/hier-luebeck.de\/index.php\/wp-json\/wp\/v2\/types\/post"}],"author":[{"embeddable":true,"href":"https:\/\/hier-luebeck.de\/index.php\/wp-json\/wp\/v2\/users\/3"}],"replies":[{"embeddable":true,"href":"https:\/\/hier-luebeck.de\/index.php\/wp-json\/wp\/v2\/comments?post=33940"}],"version-history":[{"count":0,"href":"https:\/\/hier-luebeck.de\/index.php\/wp-json\/wp\/v2\/posts\/33940\/revisions"}],"wp:attachment":[{"href":"https:\/\/hier-luebeck.de\/index.php\/wp-json\/wp\/v2\/media?parent=33940"}],"wp:term":[{"taxonomy":"category","embeddable":true,"href":"https:\/\/hier-luebeck.de\/index.php\/wp-json\/wp\/v2\/categories?post=33940"},{"taxonomy":"post_tag","embeddable":true,"href":"https:\/\/hier-luebeck.de\/index.php\/wp-json\/wp\/v2\/tags?post=33940"}],"curies":[{"name":"wp","href":"https:\/\/api.w.org\/{rel}","templated":true}]}}