{"id":34129,"date":"2011-05-24T17:50:58","date_gmt":"2011-05-24T15:50:58","guid":{"rendered":"http:\/\/www.hier-luebeck.de\/?p=34129"},"modified":"2011-05-24T17:50:58","modified_gmt":"2011-05-24T15:50:58","slug":"sprechstunde-und-beratung-fur-senioren-5","status":"publish","type":"post","link":"https:\/\/hier-luebeck.de\/index.php\/sprechstunde-und-beratung-fur-senioren-5\/","title":{"rendered":"Sprechstunde und Beratung f\u00fcr Senioren"},"content":{"rendered":"<p>Seniorenbeirat der Hansestadt L\u00fcbeck bietet einen zus\u00e4tzlichen Termin am 1. Juni<\/p>\n<p>F\u00fcr L\u00fcbecks \u00e4ltere Mitb\u00fcrgerinnen und Mitb\u00fcrger, die Fragen zum Wohnen im Alter, zu Beratungsangeboten f\u00fcr Senioren, zu M\u00f6glichkeiten aktiver Freizeitgestaltung oder zu den vielen anderen senioren-relevanten Themen haben, stehen einmal im Monat &#8211; zus\u00e4tzlich zu den \u00fcblichen Sprechzeiten &#8211; Mitglieder des Seniorenbeirates der Hansestadt L\u00fcbeck als Gespr\u00e4chspartner in der Zeit von 10 bis 12 Uhr zur Verf\u00fcgung.<\/p>\n<p>Die n\u00e4chste Sprechstunde findet am Mittwoch, 1. Juni2011 in der Kleinen B\u00f6rse des L\u00fcbecker Rathauses, Breite Stra\u00dfe 62, statt.<\/p>\n","protected":false},"excerpt":{"rendered":"<p>Seniorenbeirat der Hansestadt L\u00fcbeck bietet einen zus\u00e4tzlichen Termin am 1. Juni F\u00fcr L\u00fcbecks \u00e4ltere Mitb\u00fcrgerinnen und Mitb\u00fcrger, die Fragen zum<\/p>\n","protected":false},"author":3,"featured_media":0,"comment_status":"open","ping_status":"open","sticky":false,"template":"","format":"standard","meta":{"colormag_page_container_layout":"default_layout","colormag_page_sidebar_layout":"default_layout","footnotes":""},"categories":[14],"tags":[],"class_list":["post-34129","post","type-post","status-publish","format-standard","hentry","category-tipps-informationen"],"_links":{"self":[{"href":"https:\/\/hier-luebeck.de\/index.php\/wp-json\/wp\/v2\/posts\/34129","targetHints":{"allow":["GET"]}}],"collection":[{"href":"https:\/\/hier-luebeck.de\/index.php\/wp-json\/wp\/v2\/posts"}],"about":[{"href":"https:\/\/hier-luebeck.de\/index.php\/wp-json\/wp\/v2\/types\/post"}],"author":[{"embeddable":true,"href":"https:\/\/hier-luebeck.de\/index.php\/wp-json\/wp\/v2\/users\/3"}],"replies":[{"embeddable":true,"href":"https:\/\/hier-luebeck.de\/index.php\/wp-json\/wp\/v2\/comments?post=34129"}],"version-history":[{"count":0,"href":"https:\/\/hier-luebeck.de\/index.php\/wp-json\/wp\/v2\/posts\/34129\/revisions"}],"wp:attachment":[{"href":"https:\/\/hier-luebeck.de\/index.php\/wp-json\/wp\/v2\/media?parent=34129"}],"wp:term":[{"taxonomy":"category","embeddable":true,"href":"https:\/\/hier-luebeck.de\/index.php\/wp-json\/wp\/v2\/categories?post=34129"},{"taxonomy":"post_tag","embeddable":true,"href":"https:\/\/hier-luebeck.de\/index.php\/wp-json\/wp\/v2\/tags?post=34129"}],"curies":[{"name":"wp","href":"https:\/\/api.w.org\/{rel}","templated":true}]}}