{"id":34134,"date":"2011-05-24T17:53:43","date_gmt":"2011-05-24T15:53:43","guid":{"rendered":"http:\/\/www.hier-luebeck.de\/?p=34134"},"modified":"2011-05-24T17:53:43","modified_gmt":"2011-05-24T15:53:43","slug":"junge-lebensretterin-aus-lubeck-geehrt-mutig-und-beherzt-zu-hilfe-geeilt","status":"publish","type":"post","link":"https:\/\/hier-luebeck.de\/index.php\/junge-lebensretterin-aus-lubeck-geehrt-mutig-und-beherzt-zu-hilfe-geeilt\/","title":{"rendered":"Junge Lebensretterin aus L\u00fcbeck geehrt: Mutig und beherzt zu Hilfe geeilt"},"content":{"rendered":"<p>F\u00fcr ihren mutigen und engagierten Einsatz ist die 12-j\u00e4hrige Selvi-Jessica K\u00e4hr aus L\u00fcbeck mit der Erinnerungsplakette f\u00fcr Rettung aus Gefahr ausgezeichnet worden. Sie hatte Anfang M\u00e4rz 2011 einem zehnj\u00e4hrigen Jungen geholfen, der auf einem zugefrorenen Teich in L\u00fcbeck-K\u00fccknitz ins Eis eingebrochen war. Der stellvertretende Ministerpr\u00e4sident Dr. Heiner Garg \u00fcberreichte ihr die Auszeichnung heute (24. Mai) in der Staatskanzlei in Kiel.<!--more--><\/p>\n<p>&#8222;&#8220;Als Du gesehen hast, dass dein Freund auf dem br\u00fcchigen Eis um Hilfe rief, hast du gro\u00dfe Tapferkeit und gro\u00dfe Entschlossenheit bewiesen. Du warst da, als er dich brauchte und bist zu Hilfe geeilt&#8220;&#8220;, sagte Garg. Daher werde sie heute f\u00fcr diesen mutigen Einsatz geehrt, der keineswegs eine Selbstverst\u00e4ndlichkeit ist. &#8222;&#8220;Du hast dich selbst in Gefahr gebracht, um einen Mitmenschen zu retten. Das zeigt mir, dass auf die jungen Menschen Verlass ist. Daher m\u00f6chte ich dir heute f\u00fcr deinen Einsatz danken&#8220;&#8220;, so der Minister.<\/p>\n<p>Das M\u00e4dchen war bei ihrem Rettungsversuch ebenfalls in das Eis eingebrochen und musste einige Zeit im eiskalten Wasser verharren, bis weitere Helfer sie herausziehen konnten. Der Junge konnte sich selbst aus dem Eis befreien.<\/p>\n","protected":false},"excerpt":{"rendered":"<p>F\u00fcr ihren mutigen und engagierten Einsatz ist die 12-j\u00e4hrige Selvi-Jessica K\u00e4hr aus L\u00fcbeck mit der Erinnerungsplakette f\u00fcr Rettung aus Gefahr<\/p>\n","protected":false},"author":3,"featured_media":0,"comment_status":"open","ping_status":"open","sticky":false,"template":"","format":"standard","meta":{"colormag_page_container_layout":"default_layout","colormag_page_sidebar_layout":"default_layout","footnotes":""},"categories":[20],"tags":[],"class_list":["post-34134","post","type-post","status-publish","format-standard","hentry","category-besondere-neuigkeiten"],"_links":{"self":[{"href":"https:\/\/hier-luebeck.de\/index.php\/wp-json\/wp\/v2\/posts\/34134","targetHints":{"allow":["GET"]}}],"collection":[{"href":"https:\/\/hier-luebeck.de\/index.php\/wp-json\/wp\/v2\/posts"}],"about":[{"href":"https:\/\/hier-luebeck.de\/index.php\/wp-json\/wp\/v2\/types\/post"}],"author":[{"embeddable":true,"href":"https:\/\/hier-luebeck.de\/index.php\/wp-json\/wp\/v2\/users\/3"}],"replies":[{"embeddable":true,"href":"https:\/\/hier-luebeck.de\/index.php\/wp-json\/wp\/v2\/comments?post=34134"}],"version-history":[{"count":0,"href":"https:\/\/hier-luebeck.de\/index.php\/wp-json\/wp\/v2\/posts\/34134\/revisions"}],"wp:attachment":[{"href":"https:\/\/hier-luebeck.de\/index.php\/wp-json\/wp\/v2\/media?parent=34134"}],"wp:term":[{"taxonomy":"category","embeddable":true,"href":"https:\/\/hier-luebeck.de\/index.php\/wp-json\/wp\/v2\/categories?post=34134"},{"taxonomy":"post_tag","embeddable":true,"href":"https:\/\/hier-luebeck.de\/index.php\/wp-json\/wp\/v2\/tags?post=34134"}],"curies":[{"name":"wp","href":"https:\/\/api.w.org\/{rel}","templated":true}]}}