{"id":34140,"date":"2011-05-24T19:29:29","date_gmt":"2011-05-24T17:29:29","guid":{"rendered":"http:\/\/www.hier-luebeck.de\/?p=34140"},"modified":"2011-05-24T19:29:29","modified_gmt":"2011-05-24T17:29:29","slug":"fw-oh-informationsbesuch-von-gemeindevertretern-aus-timmendorfer-strand-beim-kreisfeuerwehrverband-ostholstein","status":"publish","type":"post","link":"https:\/\/hier-luebeck.de\/index.php\/fw-oh-informationsbesuch-von-gemeindevertretern-aus-timmendorfer-strand-beim-kreisfeuerwehrverband-ostholstein\/","title":{"rendered":"FW-OH: Informationsbesuch von Gemeindevertretern aus Timmendorfer Strand beim Kreisfeuerwehrverband Ostholstein"},"content":{"rendered":"<p><!-- v8964 Format 2 --><\/p>\n<table border=\"0\" width=\"610\" align=\"left\">\n<tbody>\n<tr>\n<td>\n<div>\n<table id=\"content_header\" width=\"600\">\n<tbody>\n<tr>\n<td width=\"380\"><a title=\"http:\/\/www.presseportal.de\/polizeipresse\/pm\/56143\/\" href=\"http:\/\/www.presseportal.de\/polizeipresse\/pm\/56143\/\"><img decoding=\"async\" title=\"http:\/\/www.presseportal.de\/polizeipresse\/pm\/56143\/\" src=\"http:\/\/www.presseportal.de\/bild\/56143_logo_.jpg\" border=\"0\" alt=\"\" width=\"250\" \/><\/a><\/td>\n<td valign=\"bottom\"><\/td>\n<\/tr>\n<\/tbody>\n<\/table>\n<hr size=\"1\" \/>\n<div>\n<div>24.05.2011  &#8211; 11:43 Uhr, Kreisfeuerwehrverband Ostholstein<\/div>\n<div>\n<p>Lensahn  (ots) &#8211; Am Donnerstag, den 26.05.2011 besuchen um 19.00 Uhr Gemeindevertreter  der Gemeinde Timmendorfer Strand auf Initiative einer heimischen Ortsfeuerwehr  den Kreisfeuerwehrverband und die Feuerwehrtechnische Zentrale in Lensahn.<!--more-->Kreiswehrf\u00fchrer  Ralf Thomsen und Gesch\u00e4ftsf\u00fchrer Dirk Pr\u00fc\u00df werden die Gemeindevertreter  empfangen. Den Politikern soll u.a. aufgezeigt werden, welche Leistungen eine  Gemeinde an Ausbildung und technische Dienstleistung durch den  Kreisfeuerwehrverband und den Kreis Ostholstein in Anspruch nimmt und wie diese  Leistungen durch die gemeindliche Kreisumlage finanziell gedeckt ist.<\/p>\n<p>Weiterhin  woll en sich die Gemeindevertreter \u00fcber den notwendigen Ausbildungsgang und den  damit verbunden pers\u00f6nlichen Aufwand eines Feuerwehrmannes oder einer  Feuerwehrfrau informieren. Gerade auch die Ausbildung zum Atemschutzger\u00e4tetr\u00e4ger  ist sehr strapazi\u00f6s und verlangt von den Tr\u00e4gern immer wiederkehrende, j\u00e4hrliche  Leistungstest bis hin zu \u00e4rztlichen Untersuchungen. Der Kreisfeuerwehrverband  wird an diesem Besuchstermin auch die Atemschutz\u00fcbungsstrecke und den  Brandgew\u00f6hnungscontainer vorstellen, in denen die Atemschutztr\u00e4ger ihre Fitness,  sowie ihre feuerwehrtechnischen Fertigkeiten unter Beweis stellen m\u00fcssen. Dabei  soll auch deutlich gemacht werden, welche pers\u00f6nliche Schutzausr\u00fcstung notwendig  ist, damit die Atemschutztr\u00e4ger pers\u00f6nlich ausreichend gegen Feuer und  Temperatureinwirkungen gesch\u00fctzt sind.<\/p>\n<\/div>\n<\/div>\n<\/div>\n<\/td>\n<\/tr>\n<\/tbody>\n<\/table>\n","protected":false},"excerpt":{"rendered":"<p>24.05.2011 &#8211; 11:43 Uhr, Kreisfeuerwehrverband Ostholstein Lensahn (ots) &#8211; Am Donnerstag, den 26.05.2011 besuchen um 19.00 Uhr Gemeindevertreter der Gemeinde<\/p>\n","protected":false},"author":3,"featured_media":0,"comment_status":"open","ping_status":"open","sticky":false,"template":"","format":"standard","meta":{"colormag_page_container_layout":"default_layout","colormag_page_sidebar_layout":"default_layout","footnotes":""},"categories":[14],"tags":[],"class_list":["post-34140","post","type-post","status-publish","format-standard","hentry","category-tipps-informationen"],"_links":{"self":[{"href":"https:\/\/hier-luebeck.de\/index.php\/wp-json\/wp\/v2\/posts\/34140","targetHints":{"allow":["GET"]}}],"collection":[{"href":"https:\/\/hier-luebeck.de\/index.php\/wp-json\/wp\/v2\/posts"}],"about":[{"href":"https:\/\/hier-luebeck.de\/index.php\/wp-json\/wp\/v2\/types\/post"}],"author":[{"embeddable":true,"href":"https:\/\/hier-luebeck.de\/index.php\/wp-json\/wp\/v2\/users\/3"}],"replies":[{"embeddable":true,"href":"https:\/\/hier-luebeck.de\/index.php\/wp-json\/wp\/v2\/comments?post=34140"}],"version-history":[{"count":0,"href":"https:\/\/hier-luebeck.de\/index.php\/wp-json\/wp\/v2\/posts\/34140\/revisions"}],"wp:attachment":[{"href":"https:\/\/hier-luebeck.de\/index.php\/wp-json\/wp\/v2\/media?parent=34140"}],"wp:term":[{"taxonomy":"category","embeddable":true,"href":"https:\/\/hier-luebeck.de\/index.php\/wp-json\/wp\/v2\/categories?post=34140"},{"taxonomy":"post_tag","embeddable":true,"href":"https:\/\/hier-luebeck.de\/index.php\/wp-json\/wp\/v2\/tags?post=34140"}],"curies":[{"name":"wp","href":"https:\/\/api.w.org\/{rel}","templated":true}]}}