{"id":34160,"date":"2011-05-24T15:43:16","date_gmt":"2011-05-24T15:43:16","guid":{"rendered":"http:\/\/www.hier-luebeck.de\/2011\/05\/pol-hl-hl-gewerbegebiet-geniner-strase-bei-der-gasanstalt-verdacht-des-diebstahls-eines-autotransporters-2\/"},"modified":"2011-05-24T15:43:16","modified_gmt":"2011-05-24T15:43:16","slug":"pol-hl-hl-gewerbegebiet-geniner-strase-bei-der-gasanstalt-verdacht-des-diebstahls-eines-autotransporters-2","status":"publish","type":"post","link":"https:\/\/hier-luebeck.de\/index.php\/pol-hl-hl-gewerbegebiet-geniner-strase-bei-der-gasanstalt-verdacht-des-diebstahls-eines-autotransporters-2\/","title":{"rendered":"POL-HL: HL &#8211; Gewerbegebiet Geniner Stra\u00dfe, Bei der Gasanstalt  \/  Verdacht des Diebstahls eines Autotransporters"},"content":{"rendered":"<p>L\u00fcbeck (ots) &#8211; Die ersten Informationen klangen spektakul\u00e4r als  gegen 11.45 Uhr der 45-j\u00e4hrige lettische Berufskraftfahrer der  L\u00fcbecker Polizei mitteilte, dass jemand gerade mit seinem  Autotransporter in Richtung Osten weggefahren sei.     Der 45-J\u00e4hrige ist Fahrer einer lettischen Spedition und hatte  zuvor sechs Pkw der Marken Audi und VW abgeholt, die sein Chef dort  gekauft hatte.<!--more--> Da der Transporterfahrer nun Richtung Heimat unterwegs war, bat ihn der Spediteur auch noch seinen 21-j\u00e4hrigen Sohn  mitzunehmen, der momentan in D\u00e4nemark studiert.     Der Fahrer stellte den Transporter in L\u00fcbeck ab, mietete sich  einen Opel Corsa und holte den 21-j\u00e4hrigen Spediteurssohn aus  D\u00e4nemark nach L\u00fcbeck.     Als der Lkw-Fahrer den Leihwagen jetzt am Dienstag, gegen 11.45  Uhr, wieder abgeben wollte, machte er noch einen Tankstopp an einer  Tankstelle an der Geniner Stra\u00dfe. Hier staunte der 45-J\u00e4hrige nicht  schlecht, als pl\u00f6tzlich sein beladener Transporter vorbeifuhr. Der  Fahrer informierte die L\u00fcbecker Polizei und die Regionalleitstelle  setzte gleichfalls die Polizeien der Nachbarl\u00e4nder in Kenntnis.     Bereits um 12.00 Uhr konnten Beamte der Polizeistation St. J\u00fcrgen  den Transporter, samt Ladung sowie dem 21-j\u00e4hrigen Spediteurssohn auf dem Parkplatz Sch\u00f6neberger Land antreffen.     Offenbar gab es ein Missverst\u00e4ndnis zwischen den beiden Personen,  so dass der Sohn die gekauften Autos seinem Vater in die Heimat  bringen wollte. Wieso er nicht auf den eigentlichen Fahrer gewartet  hatte, blieb bislang ungekl\u00e4rt. Der 21-J\u00e4hrige konnte den Transporter offenbar problemlos fahren. Gef\u00e4hrdete oder verletzte Personen wurden bislang nicht gemeldet. Ebenso wurden keine Sachbesch\u00e4digungen oder  Unf\u00e4lle bekannt.     Der 21-J\u00e4hrige ist jedoch nicht im Besitz der erforderlichen  Fahrerlaubnis. Somit wurde eine Strafanzeige wegen Fahren ohne  Fahrerlaubnis gefertigt und eine Sicherheitsleistung von 300 Euro  angeordnet.     Nach Abschluss aller polizeilichen Ma\u00dfnahmen durften die M\u00e4nner  nunmehr gemeinsam samt Autoladung die Heimreise antreten.     <\/p>\n<p>Quelle: <a href=\"http:\/\/www.presseportal.de\/polizeipresse\/pm\/43738\/2050685\/polizeidirektion_luebeck\/api\" target=\"_blank\">presseportal.de<\/a><\/p>\n","protected":false},"excerpt":{"rendered":"<p>L\u00fcbeck (ots) &#8211; Die ersten Informationen klangen spektakul\u00e4r als gegen 11.45 Uhr der 45-j\u00e4hrige lettische Berufskraftfahrer der L\u00fcbecker Polizei mitteilte,<\/p>\n","protected":false},"author":3,"featured_media":0,"comment_status":"open","ping_status":"open","sticky":false,"template":"","format":"standard","meta":{"colormag_page_container_layout":"default_layout","colormag_page_sidebar_layout":"default_layout","footnotes":""},"categories":[20],"tags":[],"class_list":["post-34160","post","type-post","status-publish","format-standard","hentry","category-besondere-neuigkeiten"],"_links":{"self":[{"href":"https:\/\/hier-luebeck.de\/index.php\/wp-json\/wp\/v2\/posts\/34160","targetHints":{"allow":["GET"]}}],"collection":[{"href":"https:\/\/hier-luebeck.de\/index.php\/wp-json\/wp\/v2\/posts"}],"about":[{"href":"https:\/\/hier-luebeck.de\/index.php\/wp-json\/wp\/v2\/types\/post"}],"author":[{"embeddable":true,"href":"https:\/\/hier-luebeck.de\/index.php\/wp-json\/wp\/v2\/users\/3"}],"replies":[{"embeddable":true,"href":"https:\/\/hier-luebeck.de\/index.php\/wp-json\/wp\/v2\/comments?post=34160"}],"version-history":[{"count":0,"href":"https:\/\/hier-luebeck.de\/index.php\/wp-json\/wp\/v2\/posts\/34160\/revisions"}],"wp:attachment":[{"href":"https:\/\/hier-luebeck.de\/index.php\/wp-json\/wp\/v2\/media?parent=34160"}],"wp:term":[{"taxonomy":"category","embeddable":true,"href":"https:\/\/hier-luebeck.de\/index.php\/wp-json\/wp\/v2\/categories?post=34160"},{"taxonomy":"post_tag","embeddable":true,"href":"https:\/\/hier-luebeck.de\/index.php\/wp-json\/wp\/v2\/tags?post=34160"}],"curies":[{"name":"wp","href":"https:\/\/api.w.org\/{rel}","templated":true}]}}