{"id":34194,"date":"2011-05-25T14:28:27","date_gmt":"2011-05-25T12:28:27","guid":{"rendered":"http:\/\/www.hier-luebeck.de\/?p=34194"},"modified":"2011-05-25T14:28:27","modified_gmt":"2011-05-25T12:28:27","slug":"gegen-privatschulgrundung-in-lubeck","status":"publish","type":"post","link":"https:\/\/hier-luebeck.de\/index.php\/gegen-privatschulgrundung-in-lubeck\/","title":{"rendered":"Gegen Privatschulgr\u00fcndung in L\u00fcbeck"},"content":{"rendered":"<h1><\/h1>\n<div>\n<div>\n<div><a rel=\"shadowbox[tt_news]\" href=\"http:\/\/www.die-linke-fraktion-luebeck.de\/uploads\/pics\/Antje0096_03.jpg\"><\/a><\/div>\n<\/div>\n<\/div>\n<p>Fraktion DIE LINKE. in der  L\u00fcbecker B\u00fcrgerschaft  kritisiert die Gr\u00fcndung einer Privatschule in L\u00fcbeck und  ebenfalls die  M\u00f6glichkeit einer Gr\u00fcndung weiterer Schulen in privater  Tr\u00e4gerschaft  auf dem L\u00fcbecker Stadtgebiet.<!--more--><\/p>\n<p>Die  W\u00e4hlergemeinschaft B\u00fcrger f\u00fcr  L\u00fcbeck hatte in der vergangenen Woche  verlauten lassen, dass sie die Gr\u00fcndung  der katholischen  Johannes-Prassek-Schule begr\u00fc\u00dft und gefordert, die Gr\u00fcndung  einer  weiteren Privatschule in Moisling zu pr\u00fcfen. Auf der Stadtteilkonferenz  in  Moisling vergangene Woche wurde deutlich, dass es keinen Bedarf f\u00fcr  eine Schule  in privater Tr\u00e4gerschaft gebe. Au\u00dferdem bildet sie sich  gerade eine Meinung \u00fcber  die weitere Verwendung des Geb\u00e4udes.<\/p>\n<p>G\u00e4nzliche  Missachtung findet dieses  im b\u00fcrgerlichen Lager der L\u00fcbecker  B\u00fcrgerschaft. \u201eDen B\u00fcrgerwillen umsetzen\u201c,  hei\u00dft es immer scheinheilig  in den Wahlversprechen \u2013 leider wird in dem Antrag  zur kommenden  B\u00fcrgerschaftssitzung, in dem Gespr\u00e4che mit privaten  Bildungsunternehmen  \u00fcber die Grund- und Hauptschule Moisling gef\u00fchrt werden  sollen, klar \u2013  dass eben nicht der B\u00fcrgerwillen umgesetzt werden soll, sondern  ohne  B\u00fcrgerbeteiligung, direkt in eine Richtung gepr\u00fcft werden m\u00f6ge \u2013 das ist   die Krone der Missachtung des B\u00fcrgerwillens.<\/p>\n<p>DIE  LINKE schlug bereits in der  Vergangenheit eine Einwohnerversammlung  zur Meinungsfindung vor, in der k\u00f6nne  man offen diskutieren, was nun  mit dem Geb\u00e4ude der Schule Moisling in der  Zukunft passieren sollte.  Den Bedarf einer weiteren Schule zweifelt DIE LINKE.  ebenfalls stark  an, denn nicht umsonst sind zwei Schulen in Moisling  zusammengelegt  worden.<\/p>\n<p>&nbsp;<\/p>\n<p>\u201eBildung  darf nicht vom Geldbeutel  der Eltern abh\u00e4ngen! Wer das bestreitet und  den erf\u00fcllten Wunsch der Eltern nach  Wertorientierung und  Wertvermittlung begr\u00fc\u00dft lebt g\u00e4nzlich an den Tatsachen  vorbei, in einer  Scheinrealit\u00e4t\u201c, sagt Antje Jansen, Fraktionsvorsitzende der  L\u00fcbecker  B\u00fcrgerschaftsfraktion.<\/p>\n","protected":false},"excerpt":{"rendered":"<p>Fraktion DIE LINKE. in der L\u00fcbecker B\u00fcrgerschaft kritisiert die Gr\u00fcndung einer Privatschule in L\u00fcbeck und ebenfalls die M\u00f6glichkeit einer Gr\u00fcndung<\/p>\n","protected":false},"author":3,"featured_media":0,"comment_status":"open","ping_status":"open","sticky":false,"template":"","format":"standard","meta":{"colormag_page_container_layout":"default_layout","colormag_page_sidebar_layout":"default_layout","footnotes":""},"categories":[5],"tags":[],"class_list":["post-34194","post","type-post","status-publish","format-standard","hentry","category-politik-wirtschaft"],"_links":{"self":[{"href":"https:\/\/hier-luebeck.de\/index.php\/wp-json\/wp\/v2\/posts\/34194","targetHints":{"allow":["GET"]}}],"collection":[{"href":"https:\/\/hier-luebeck.de\/index.php\/wp-json\/wp\/v2\/posts"}],"about":[{"href":"https:\/\/hier-luebeck.de\/index.php\/wp-json\/wp\/v2\/types\/post"}],"author":[{"embeddable":true,"href":"https:\/\/hier-luebeck.de\/index.php\/wp-json\/wp\/v2\/users\/3"}],"replies":[{"embeddable":true,"href":"https:\/\/hier-luebeck.de\/index.php\/wp-json\/wp\/v2\/comments?post=34194"}],"version-history":[{"count":0,"href":"https:\/\/hier-luebeck.de\/index.php\/wp-json\/wp\/v2\/posts\/34194\/revisions"}],"wp:attachment":[{"href":"https:\/\/hier-luebeck.de\/index.php\/wp-json\/wp\/v2\/media?parent=34194"}],"wp:term":[{"taxonomy":"category","embeddable":true,"href":"https:\/\/hier-luebeck.de\/index.php\/wp-json\/wp\/v2\/categories?post=34194"},{"taxonomy":"post_tag","embeddable":true,"href":"https:\/\/hier-luebeck.de\/index.php\/wp-json\/wp\/v2\/tags?post=34194"}],"curies":[{"name":"wp","href":"https:\/\/api.w.org\/{rel}","templated":true}]}}