{"id":34697,"date":"2011-06-01T15:11:37","date_gmt":"2011-06-01T13:11:37","guid":{"rendered":"http:\/\/www.hier-luebeck.de\/?p=34697"},"modified":"2011-06-01T15:11:37","modified_gmt":"2011-06-01T13:11:37","slug":"sommerfest-in-st-lorenz-nord","status":"publish","type":"post","link":"https:\/\/hier-luebeck.de\/index.php\/sommerfest-in-st-lorenz-nord\/","title":{"rendered":"Sommerfest in St. Lorenz Nord"},"content":{"rendered":"<p>Initiative in St. Lorenz Nord feiert am Freitag, 17. Juni 2011<\/p>\n<p>Die Initiative in St. Lorenz Nord l\u00e4dt am Freitag, 17. Juni 2011, zu ihrem diesj\u00e4hrigen Sommerfest ein. Das Fest dieses Zusammenschlusses sozialer Vereine und Verb\u00e4nde in St. Lorenz Nord findet rund um den AWO-Kinder- und Jugendtreff \u201eDer Laden\u201c auf dem Gel\u00e4nde der Strakerjahn-Schule, Am Neuhof 1a, statt. In der Zeit von 14 bis 17.30 Uhr gibt es Spiele und Aktionen, Kaffee, Kuchen und Grillwurst.<!--more--><\/p>\n<p>Als besonderes Highlight wird das Fest musikalisch von der \u201eSchool of Rock\u201c begleitet. Es treten folgende Bands auf: Straki-Kids, multikulti, Schulband Tremser Teich, Pop-Stars und \u00c4h n\u00f6\u00f6!?. Bei schlechtem Wetter wird das Fest in den R\u00e4umlichkeiten der Strakerjahn-Schule, stattfinden. Weitere Informationen beim Nachbarschaftsb\u00fcro Wisbystra\u00dfe, Ansprechpartnerin ist Ulrike Seul, Telefon 409-4240.<\/p>\n","protected":false},"excerpt":{"rendered":"<p>Initiative in St. Lorenz Nord feiert am Freitag, 17. Juni 2011 Die Initiative in St. Lorenz Nord l\u00e4dt am Freitag,<\/p>\n","protected":false},"author":3,"featured_media":0,"comment_status":"open","ping_status":"open","sticky":false,"template":"","format":"standard","meta":{"colormag_page_container_layout":"default_layout","colormag_page_sidebar_layout":"default_layout","footnotes":""},"categories":[13],"tags":[],"class_list":["post-34697","post","type-post","status-publish","format-standard","hentry","category-veranstaltungen"],"_links":{"self":[{"href":"https:\/\/hier-luebeck.de\/index.php\/wp-json\/wp\/v2\/posts\/34697","targetHints":{"allow":["GET"]}}],"collection":[{"href":"https:\/\/hier-luebeck.de\/index.php\/wp-json\/wp\/v2\/posts"}],"about":[{"href":"https:\/\/hier-luebeck.de\/index.php\/wp-json\/wp\/v2\/types\/post"}],"author":[{"embeddable":true,"href":"https:\/\/hier-luebeck.de\/index.php\/wp-json\/wp\/v2\/users\/3"}],"replies":[{"embeddable":true,"href":"https:\/\/hier-luebeck.de\/index.php\/wp-json\/wp\/v2\/comments?post=34697"}],"version-history":[{"count":0,"href":"https:\/\/hier-luebeck.de\/index.php\/wp-json\/wp\/v2\/posts\/34697\/revisions"}],"wp:attachment":[{"href":"https:\/\/hier-luebeck.de\/index.php\/wp-json\/wp\/v2\/media?parent=34697"}],"wp:term":[{"taxonomy":"category","embeddable":true,"href":"https:\/\/hier-luebeck.de\/index.php\/wp-json\/wp\/v2\/categories?post=34697"},{"taxonomy":"post_tag","embeddable":true,"href":"https:\/\/hier-luebeck.de\/index.php\/wp-json\/wp\/v2\/tags?post=34697"}],"curies":[{"name":"wp","href":"https:\/\/api.w.org\/{rel}","templated":true}]}}